{"id":695,"date":"2021-08-21T19:46:39","date_gmt":"2021-08-21T17:46:39","guid":{"rendered":"http:\/\/zabieszczaduj.pl\/quiz\/?p=695"},"modified":"2023-09-14T12:40:44","modified_gmt":"2023-09-14T10:40:44","slug":"sladami-kazimierza-sosnowskiego","status":"publish","type":"post","link":"https:\/\/zabieszczaduj.pl\/quiz\/sladami-kazimierza-sosnowskiego\/","title":{"rendered":"\u015aladami Kazimierza Sosnowskiego"},"content":{"rendered":"<div class=\"fcbkbttn_buttons_block\" id=\"fcbkbttn_left\"><div class=\"fcbkbttn_like \"><fb:like href=\"https:\/\/zabieszczaduj.pl\/quiz\/sladami-kazimierza-sosnowskiego\/\" action=\"like\" colorscheme=\"light\" layout=\"button_count\"  size=\"small\"><\/fb:like><\/div><\/div><p><a href=\"http:\/\/zabieszczaduj.pl\/quiz\/wp-content\/uploads\/2015\/08\/glownym_beskidzkim.jpg\" data-lbwps-width=\"3840\" data-lbwps-height=\"2160\" data-lbwps-srcsmall=\"https:\/\/zabieszczaduj.pl\/quiz\/wp-content\/uploads\/2015\/08\/glownym_beskidzkim-300x169.jpg\"><img fetchpriority=\"high\" decoding=\"async\" src=\"http:\/\/zabieszczaduj.pl\/quiz\/wp-content\/uploads\/2015\/08\/glownym_beskidzkim-1024x576.jpg\" alt=\"glownym_beskidzkim\" width=\"640\" height=\"360\" class=\"aligncenter size-large wp-image-697\" srcset=\"https:\/\/zabieszczaduj.pl\/quiz\/wp-content\/uploads\/2015\/08\/glownym_beskidzkim-1024x576.jpg 1024w, https:\/\/zabieszczaduj.pl\/quiz\/wp-content\/uploads\/2015\/08\/glownym_beskidzkim-300x169.jpg 300w, https:\/\/zabieszczaduj.pl\/quiz\/wp-content\/uploads\/2015\/08\/glownym_beskidzkim-150x84.jpg 150w\" sizes=\"(max-width: 640px) 100vw, 640px\" \/><\/a><BR>Nazw\u0105 <strong>G\u0142\u00f3wny Szlak Beskidzki im. Kazimierza Sosnowskiego<\/strong> operujemy aktualnie powszechnie, jednak pami\u0119ta\u0107 nale\u017cy, \u017ce ca\u0142y wyznakowany przebieg szlaku przez Beskidy to zas\u0142uga dw\u00f3ch pan\u00f3w. <strong>Ustro\u0144-Krynica<\/strong> to projekt w\u0142a\u015bnie Kazimierza Sosnowskiego, wschodni\u0105 za\u015b cz\u0119\u015b\u0107 Beskid\u00f3w zaj\u0105\u0142 si\u0119 <strong>Mieczys\u0142aw Or\u0142owicz<\/strong> (imi\u0119 kt\u00f3rego nosi <em>G\u0142\u00f3wny Szlak Sudecki<\/em>). Przebieg cz\u0119\u015bci zachodniej uko\u0144czono w 1929r. i o tej w\u0142a\u015bnie cz\u0119\u015bci traktowa\u0142o pierwsze wydawnictwo w historii literatury przewodnikowej po szlakach dalekobie\u017cnych autorstwa Zbigniewa Kreska. Przewodnik ten r\u00f3wnie\u017c zabieram na w\u0119dr\u00f3wk\u0119. My\u015bl\u0119, \u017ce z powodzeniem uzupe\u0142ni najbardziej dopracowane i najlepiej skondensowane dzisiaj wydawnictwo Compassu.<br \/>\nBy\u0107 mo\u017ce z samego Ustronia wczytuj\u0105c si\u0119 w sam tylko opis ci\u0119\u017cko by\u0142oby si\u0119 wydosta\u0107 na szlak:<\/p>\n<blockquote><p>Za ko\u015bcio\u0142em kr\u00f3tk\u0105 alej\u0105 lipow\u0105 szlak doprowadza do ul. 22 lipca (&#8230;) W pn.-wsch. naro\u017cniku skr\u0119ca w lewo w ul. \u015awierczewskiego. Szlaki niebieski i \u017c\u00f3\u0142ty prowadz\u0105 dalej wprost ul. 1 Maja.<\/p><\/blockquote>\n<p><BR><\/p>\n<p>Przewodnik z 1989r. operuje jeszcze nazwami z czas\u00f3w s\u0142usznie minionych, jednak nieco historii i rzeczywisto\u015bci tamtych czas\u00f3w pozna\u0107 warto. Odliczamy w nim dok\u0142adnie 272km &#8211; wed\u0142ug czasu 80 godz. 30 min.<\/p>\n<p><strong>Compass<\/strong><br \/>\nw tym roku rozprowadzi\u0142 ju\u017c III wydanie swojej przewodnickiej propozycji dostarczaj\u0105c w nim informacji, \u017ce G\u0142\u00f3wny Szlak Beskidzki ma jednak 500 km. Powszechnie publikowane informacje o GSB m\u00f3wi\u0105, \u017ce ma 519 km d\u0142ugo\u015bci, my w poprzednim wydaniu przewodnika po przeprowadzeniu szczeg\u00f3\u0142owych pomiar\u00f3w podawali\u015bmy, \u017ce wynosi ona 496 km. Wzbudzi\u0142o to wielkie rozczarowanie u os\u00f3b, kt\u00f3re pokona\u0142y ca\u0142y szlak- bo to jednak nie 500 km. Jak czytamy <\/p>\n<blockquote><p>Ostatnio dokonano w terenie kilka korekt w przebiegu szlaku i ponowny, dok\u0142adny pomiar wskazuje, \u017ce jest jednak 500, a dok\u0142adnie &#8211; 501,4 km!<\/p><\/blockquote>\n<p><BR><\/p>\n<p>Piechurom zamierzaj\u0105cym przemierzy\u0107 szlak w ca\u0142o\u015bci jako niezb\u0119dne kompendium o przebiegu szlaku ten przewodnik wystarczy. Mamy tutaj jednolity atlas map w skali 1:50 000, dok\u0142adny opis szlaku, czasy przej\u015b\u0107, profil trasy, dziesi\u0105tki zdj\u0119\u0107 i opisy krajoznawcze. Osobom chc\u0105cym rozezna\u0107 panoramki woko\u0142o &#8211; patrz: ja &#8211; przyda si\u0119 jednak co\u015b wi\u0119cej, do plecaka pakuj\u0119 wi\u0119c jeszcze standardowe mapy \ud83d\ude42<\/p>\n","protected":false},"excerpt":{"rendered":"<p>Nazw\u0105 G\u0142\u00f3wny Szlak Beskidzki im. Kazimierza Sosnowskiego operujemy aktualnie powszechnie, jednak pami\u0119ta\u0107 nale\u017cy, \u017ce ca\u0142y wyznakowany przebieg szlaku przez Beskidy to zas\u0142uga dw\u00f3ch pan\u00f3w. Ustro\u0144-Krynica to projekt w\u0142a\u015bnie Kazimierza Sosnowskiego, wschodni\u0105 za\u015b cz\u0119\u015b\u0107 Beskid\u00f3w zaj\u0105\u0142 si\u0119 Mieczys\u0142aw Or\u0142owicz (imi\u0119 kt\u00f3rego nosi G\u0142\u00f3wny Szlak Sudecki)&#8230;.<\/p>\n","protected":false},"author":1,"featured_media":0,"comment_status":"closed","ping_status":"open","sticky":false,"template":"","format":"standard","meta":{"_exactmetrics_skip_tracking":false,"_exactmetrics_sitenote_active":false,"_exactmetrics_sitenote_note":"","_exactmetrics_sitenote_category":0,"footnotes":""},"categories":[1,72],"tags":[79,78],"class_list":["post-695","post","type-post","status-publish","format-standard","hentry","category-w-gory","category-moje-wedrowanie","tag-czerwony-szlak","tag-znakowanie"],"yoast_head":"<!-- This site is optimized with the Yoast SEO plugin v25.0 - https:\/\/yoast.com\/wordpress\/plugins\/seo\/ -->\n<title>\u015aladami Kazimierza Sosnowskiego - Bieszczadzki Quiz<\/title>\n<meta name=\"description\" content=\"Znakowanie G\u0142\u00f3wnego Szlaku Beskidzkiego\" \/>\n<meta name=\"robots\" content=\"index, follow, max-snippet:-1, max-image-preview:large, max-video-preview:-1\" \/>\n<link rel=\"canonical\" href=\"https:\/\/zabieszczaduj.pl\/quiz\/sladami-kazimierza-sosnowskiego\/\" \/>\n<meta property=\"og:locale\" content=\"pl_PL\" \/>\n<meta property=\"og:type\" content=\"article\" \/>\n<meta property=\"og:title\" content=\"\u015aladami Kazimierza Sosnowskiego - Bieszczadzki Quiz\" \/>\n<meta property=\"og:description\" content=\"Znakowanie G\u0142\u00f3wnego Szlaku Beskidzkiego\" \/>\n<meta property=\"og:url\" content=\"https:\/\/zabieszczaduj.pl\/quiz\/sladami-kazimierza-sosnowskiego\/\" \/>\n<meta property=\"og:site_name\" content=\"Bieszczadzki Quiz\" \/>\n<meta property=\"article:published_time\" content=\"2021-08-21T17:46:39+00:00\" \/>\n<meta property=\"article:modified_time\" content=\"2023-09-14T10:40:44+00:00\" \/>\n<meta property=\"og:image\" content=\"http:\/\/zabieszczaduj.pl\/quiz\/wp-content\/uploads\/2015\/08\/glownym_beskidzkim-1024x576.jpg\" \/>\n<meta name=\"author\" content=\"Mateusz Berger\" \/>\n<meta name=\"twitter:label1\" content=\"Napisane przez\" \/>\n\t<meta name=\"twitter:data1\" content=\"Mateusz Berger\" \/>\n\t<meta name=\"twitter:label2\" content=\"Szacowany czas czytania\" \/>\n\t<meta name=\"twitter:data2\" content=\"2 minuty\" \/>\n<script type=\"application\/ld+json\" class=\"yoast-schema-graph\">{\"@context\":\"https:\/\/schema.org\",\"@graph\":[{\"@type\":\"WebPage\",\"@id\":\"https:\/\/zabieszczaduj.pl\/quiz\/sladami-kazimierza-sosnowskiego\/\",\"url\":\"https:\/\/zabieszczaduj.pl\/quiz\/sladami-kazimierza-sosnowskiego\/\",\"name\":\"\u015aladami Kazimierza Sosnowskiego - Bieszczadzki Quiz\",\"isPartOf\":{\"@id\":\"https:\/\/zabieszczaduj.pl\/quiz\/#website\"},\"primaryImageOfPage\":{\"@id\":\"https:\/\/zabieszczaduj.pl\/quiz\/sladami-kazimierza-sosnowskiego\/#primaryimage\"},\"image\":{\"@id\":\"https:\/\/zabieszczaduj.pl\/quiz\/sladami-kazimierza-sosnowskiego\/#primaryimage\"},\"thumbnailUrl\":\"http:\/\/zabieszczaduj.pl\/quiz\/wp-content\/uploads\/2015\/08\/glownym_beskidzkim-1024x576.jpg\",\"datePublished\":\"2021-08-21T17:46:39+00:00\",\"dateModified\":\"2023-09-14T10:40:44+00:00\",\"author\":{\"@id\":\"https:\/\/zabieszczaduj.pl\/quiz\/#\/schema\/person\/23e170c7c79f00447ea282b99af87f98\"},\"description\":\"Znakowanie G\u0142\u00f3wnego Szlaku Beskidzkiego\",\"breadcrumb\":{\"@id\":\"https:\/\/zabieszczaduj.pl\/quiz\/sladami-kazimierza-sosnowskiego\/#breadcrumb\"},\"inLanguage\":\"pl-PL\",\"potentialAction\":[{\"@type\":\"ReadAction\",\"target\":[\"https:\/\/zabieszczaduj.pl\/quiz\/sladami-kazimierza-sosnowskiego\/\"]}]},{\"@type\":\"ImageObject\",\"inLanguage\":\"pl-PL\",\"@id\":\"https:\/\/zabieszczaduj.pl\/quiz\/sladami-kazimierza-sosnowskiego\/#primaryimage\",\"url\":\"http:\/\/zabieszczaduj.pl\/quiz\/wp-content\/uploads\/2015\/08\/glownym_beskidzkim-1024x576.jpg\",\"contentUrl\":\"http:\/\/zabieszczaduj.pl\/quiz\/wp-content\/uploads\/2015\/08\/glownym_beskidzkim-1024x576.jpg\"},{\"@type\":\"BreadcrumbList\",\"@id\":\"https:\/\/zabieszczaduj.pl\/quiz\/sladami-kazimierza-sosnowskiego\/#breadcrumb\",\"itemListElement\":[{\"@type\":\"ListItem\",\"position\":1,\"name\":\"Strona g\u0142\u00f3wna\",\"item\":\"https:\/\/zabieszczaduj.pl\/quiz\/\"},{\"@type\":\"ListItem\",\"position\":2,\"name\":\"\u015aladami Kazimierza Sosnowskiego\"}]},{\"@type\":\"WebSite\",\"@id\":\"https:\/\/zabieszczaduj.pl\/quiz\/#website\",\"url\":\"https:\/\/zabieszczaduj.pl\/quiz\/\",\"name\":\"Bieszczadzki Quiz\",\"description\":\"G&oacute;ry i ludzie, w\u0119dr&oacute;wki z plecakiem, pi\u0119kne widoki i schroniskowe bazy zawsze szeroko otwarte dla zdobywaj\u0105cych Bieszczady\",\"potentialAction\":[{\"@type\":\"SearchAction\",\"target\":{\"@type\":\"EntryPoint\",\"urlTemplate\":\"https:\/\/zabieszczaduj.pl\/quiz\/?s={search_term_string}\"},\"query-input\":{\"@type\":\"PropertyValueSpecification\",\"valueRequired\":true,\"valueName\":\"search_term_string\"}}],\"inLanguage\":\"pl-PL\"},{\"@type\":\"Person\",\"@id\":\"https:\/\/zabieszczaduj.pl\/quiz\/#\/schema\/person\/23e170c7c79f00447ea282b99af87f98\",\"name\":\"Mateusz Berger\",\"image\":{\"@type\":\"ImageObject\",\"inLanguage\":\"pl-PL\",\"@id\":\"https:\/\/zabieszczaduj.pl\/quiz\/#\/schema\/person\/image\/\",\"url\":\"https:\/\/secure.gravatar.com\/avatar\/f71a5ca0037a99776fe8abd176ef6e238022f099e7754c60c423b8cb3cabd459?s=96&d=mm&r=g\",\"contentUrl\":\"https:\/\/secure.gravatar.com\/avatar\/f71a5ca0037a99776fe8abd176ef6e238022f099e7754c60c423b8cb3cabd459?s=96&d=mm&r=g\",\"caption\":\"Mateusz Berger\"},\"url\":\"https:\/\/zabieszczaduj.pl\/quiz\/author\/matebe\/\"}]}<\/script>\n<!-- \/ Yoast SEO plugin. -->","yoast_head_json":{"title":"\u015aladami Kazimierza Sosnowskiego - Bieszczadzki Quiz","description":"Znakowanie G\u0142\u00f3wnego Szlaku Beskidzkiego","robots":{"index":"index","follow":"follow","max-snippet":"max-snippet:-1","max-image-preview":"max-image-preview:large","max-video-preview":"max-video-preview:-1"},"canonical":"https:\/\/zabieszczaduj.pl\/quiz\/sladami-kazimierza-sosnowskiego\/","og_locale":"pl_PL","og_type":"article","og_title":"\u015aladami Kazimierza Sosnowskiego - Bieszczadzki Quiz","og_description":"Znakowanie G\u0142\u00f3wnego Szlaku Beskidzkiego","og_url":"https:\/\/zabieszczaduj.pl\/quiz\/sladami-kazimierza-sosnowskiego\/","og_site_name":"Bieszczadzki Quiz","article_published_time":"2021-08-21T17:46:39+00:00","article_modified_time":"2023-09-14T10:40:44+00:00","og_image":[{"url":"http:\/\/zabieszczaduj.pl\/quiz\/wp-content\/uploads\/2015\/08\/glownym_beskidzkim-1024x576.jpg","type":"","width":"","height":""}],"author":"Mateusz Berger","twitter_misc":{"Napisane przez":"Mateusz Berger","Szacowany czas czytania":"2 minuty"},"schema":{"@context":"https:\/\/schema.org","@graph":[{"@type":"WebPage","@id":"https:\/\/zabieszczaduj.pl\/quiz\/sladami-kazimierza-sosnowskiego\/","url":"https:\/\/zabieszczaduj.pl\/quiz\/sladami-kazimierza-sosnowskiego\/","name":"\u015aladami Kazimierza Sosnowskiego - Bieszczadzki Quiz","isPartOf":{"@id":"https:\/\/zabieszczaduj.pl\/quiz\/#website"},"primaryImageOfPage":{"@id":"https:\/\/zabieszczaduj.pl\/quiz\/sladami-kazimierza-sosnowskiego\/#primaryimage"},"image":{"@id":"https:\/\/zabieszczaduj.pl\/quiz\/sladami-kazimierza-sosnowskiego\/#primaryimage"},"thumbnailUrl":"http:\/\/zabieszczaduj.pl\/quiz\/wp-content\/uploads\/2015\/08\/glownym_beskidzkim-1024x576.jpg","datePublished":"2021-08-21T17:46:39+00:00","dateModified":"2023-09-14T10:40:44+00:00","author":{"@id":"https:\/\/zabieszczaduj.pl\/quiz\/#\/schema\/person\/23e170c7c79f00447ea282b99af87f98"},"description":"Znakowanie G\u0142\u00f3wnego Szlaku Beskidzkiego","breadcrumb":{"@id":"https:\/\/zabieszczaduj.pl\/quiz\/sladami-kazimierza-sosnowskiego\/#breadcrumb"},"inLanguage":"pl-PL","potentialAction":[{"@type":"ReadAction","target":["https:\/\/zabieszczaduj.pl\/quiz\/sladami-kazimierza-sosnowskiego\/"]}]},{"@type":"ImageObject","inLanguage":"pl-PL","@id":"https:\/\/zabieszczaduj.pl\/quiz\/sladami-kazimierza-sosnowskiego\/#primaryimage","url":"http:\/\/zabieszczaduj.pl\/quiz\/wp-content\/uploads\/2015\/08\/glownym_beskidzkim-1024x576.jpg","contentUrl":"http:\/\/zabieszczaduj.pl\/quiz\/wp-content\/uploads\/2015\/08\/glownym_beskidzkim-1024x576.jpg"},{"@type":"BreadcrumbList","@id":"https:\/\/zabieszczaduj.pl\/quiz\/sladami-kazimierza-sosnowskiego\/#breadcrumb","itemListElement":[{"@type":"ListItem","position":1,"name":"Strona g\u0142\u00f3wna","item":"https:\/\/zabieszczaduj.pl\/quiz\/"},{"@type":"ListItem","position":2,"name":"\u015aladami Kazimierza Sosnowskiego"}]},{"@type":"WebSite","@id":"https:\/\/zabieszczaduj.pl\/quiz\/#website","url":"https:\/\/zabieszczaduj.pl\/quiz\/","name":"Bieszczadzki Quiz","description":"G&oacute;ry i ludzie, w\u0119dr&oacute;wki z plecakiem, pi\u0119kne widoki i schroniskowe bazy zawsze szeroko otwarte dla zdobywaj\u0105cych Bieszczady","potentialAction":[{"@type":"SearchAction","target":{"@type":"EntryPoint","urlTemplate":"https:\/\/zabieszczaduj.pl\/quiz\/?s={search_term_string}"},"query-input":{"@type":"PropertyValueSpecification","valueRequired":true,"valueName":"search_term_string"}}],"inLanguage":"pl-PL"},{"@type":"Person","@id":"https:\/\/zabieszczaduj.pl\/quiz\/#\/schema\/person\/23e170c7c79f00447ea282b99af87f98","name":"Mateusz Berger","image":{"@type":"ImageObject","inLanguage":"pl-PL","@id":"https:\/\/zabieszczaduj.pl\/quiz\/#\/schema\/person\/image\/","url":"https:\/\/secure.gravatar.com\/avatar\/f71a5ca0037a99776fe8abd176ef6e238022f099e7754c60c423b8cb3cabd459?s=96&d=mm&r=g","contentUrl":"https:\/\/secure.gravatar.com\/avatar\/f71a5ca0037a99776fe8abd176ef6e238022f099e7754c60c423b8cb3cabd459?s=96&d=mm&r=g","caption":"Mateusz Berger"},"url":"https:\/\/zabieszczaduj.pl\/quiz\/author\/matebe\/"}]}},"_links":{"self":[{"href":"https:\/\/zabieszczaduj.pl\/quiz\/wp-json\/wp\/v2\/posts\/695","targetHints":{"allow":["GET"]}}],"collection":[{"href":"https:\/\/zabieszczaduj.pl\/quiz\/wp-json\/wp\/v2\/posts"}],"about":[{"href":"https:\/\/zabieszczaduj.pl\/quiz\/wp-json\/wp\/v2\/types\/post"}],"author":[{"embeddable":true,"href":"https:\/\/zabieszczaduj.pl\/quiz\/wp-json\/wp\/v2\/users\/1"}],"replies":[{"embeddable":true,"href":"https:\/\/zabieszczaduj.pl\/quiz\/wp-json\/wp\/v2\/comments?post=695"}],"version-history":[{"count":7,"href":"https:\/\/zabieszczaduj.pl\/quiz\/wp-json\/wp\/v2\/posts\/695\/revisions"}],"predecessor-version":[{"id":704,"href":"https:\/\/zabieszczaduj.pl\/quiz\/wp-json\/wp\/v2\/posts\/695\/revisions\/704"}],"wp:attachment":[{"href":"https:\/\/zabieszczaduj.pl\/quiz\/wp-json\/wp\/v2\/media?parent=695"}],"wp:term":[{"taxonomy":"category","embeddable":true,"href":"https:\/\/zabieszczaduj.pl\/quiz\/wp-json\/wp\/v2\/categories?post=695"},{"taxonomy":"post_tag","embeddable":true,"href":"https:\/\/zabieszczaduj.pl\/quiz\/wp-json\/wp\/v2\/tags?post=695"}],"curies":[{"name":"wp","href":"https:\/\/api.w.org\/{rel}","templated":true}]}}