{"id":619,"date":"2015-07-27T20:34:44","date_gmt":"2015-07-27T18:34:44","guid":{"rendered":"http:\/\/zabieszczaduj.pl\/quiz\/?p=619"},"modified":"2023-09-14T12:40:44","modified_gmt":"2023-09-14T10:40:44","slug":"beskid-zywiecki","status":"publish","type":"post","link":"https:\/\/zabieszczaduj.pl\/quiz\/beskid-zywiecki\/","title":{"rendered":"Beskid \u017bywiecki"},"content":{"rendered":"<div class=\"fcbkbttn_buttons_block\" id=\"fcbkbttn_left\"><div class=\"fcbkbttn_like \"><fb:like href=\"https:\/\/zabieszczaduj.pl\/quiz\/beskid-zywiecki\/\" action=\"like\" colorscheme=\"light\" layout=\"button_count\"  size=\"small\"><\/fb:like><\/div><\/div><p><center><img fetchpriority=\"high\" decoding=\"async\" src=\"http:\/\/zabieszczaduj.pl\/quiz\/wp-content\/uploads\/2015\/07\/zywiecki-1024x768.jpg\" alt=\"zywiecki\" width=\"640\" height=\"480\" class=\"aligncenter size-large wp-image-647\" srcset=\"https:\/\/zabieszczaduj.pl\/quiz\/wp-content\/uploads\/2015\/07\/zywiecki-1024x768.jpg 1024w, https:\/\/zabieszczaduj.pl\/quiz\/wp-content\/uploads\/2015\/07\/zywiecki-300x225.jpg 300w, https:\/\/zabieszczaduj.pl\/quiz\/wp-content\/uploads\/2015\/07\/zywiecki-150x113.jpg 150w\" sizes=\"(max-width: 640px) 100vw, 640px\" \/><\/center><\/p>\n<blockquote><p>Beskid \u017bywiecki to drugie co do wysoko\u015bci (po Tatrach) pasmo g\u00f3rskie w Polsce. Nale\u017cy do Zewn\u0119trznych Karpat Zachodnich, a w ich obr\u0119bie do Beskid\u00f3w Zachodnich. Przebiega przez niego Wielki Europejski Dzia\u0142 Wodny mi\u0119dzy zlewiskami Morza Ba\u0142tyckiego i Morza Czarnego.<\/p><\/blockquote>\n<p><!--more--><\/p>\n        <div class=\"wpProQuiz_content\" id=\"wpProQuiz_16\">\n                    <div style=\"display: none;\" class=\"wpProQuiz_time_limit\">\n            <div class=\"time\">Limit czasu: <span>0<\/span><\/div>\n            <div class=\"wpProQuiz_progress\"><\/div>\n        <\/div>\n                <div class=\"wpProQuiz_checkPage\" style=\"display: none;\">\n            <h4 class=\"wpProQuiz_header\">Podsumowanie quizu<\/h4>\n\n            <p>\n                <span>0<\/span> z 7 pyta\u0144 uko\u0144czone            <\/p>\n\n            <p>Pytania:<\/p>\n\n            <div style=\"margin-bottom: 20px;\" class=\"wpProQuiz_box\">\n                <ol>\n                                            <li>1<\/li>\n                                            <li>2<\/li>\n                                            <li>3<\/li>\n                                            <li>4<\/li>\n                                            <li>5<\/li>\n                                            <li>6<\/li>\n                                            <li>7<\/li>\n                                    <\/ol>\n                <div style=\"clear: both;\"><\/div>\n            <\/div>\n\n            \n            <input type=\"button\" name=\"endQuizSummary\" value=\"Uko\u0144cz quiz\"\n                   class=\"wpProQuiz_button\">\n        <\/div>\n                <div class=\"wpProQuiz_infopage\" style=\"display: none;\">\n            <h4>Informacja<\/h4>\n\n            \n            <input type=\"button\" name=\"endInfopage\" value=\"Uko\u0144cz quiz\"\n                   class=\"wpProQuiz_button\">\n        <\/div>\n                <div class=\"wpProQuiz_text\">\n            <p>\n                <p>Beskid \u017bywiecki jest najwy\u017csz\u0105 parti\u0105 Beskid\u00f3w Zachodnich, powsta\u0142\u0105 tak jak ca\u0142e Beskidy wskutek fa\u0142dowania alpejskiego. G\u0142\u00f3wne pasmo rozci\u0105ga si\u0119 wzd\u0142u\u017c granicy polsko-s\u0142owackiej, od <strong>Prze\u0142\u0119czy Zwardo\u0144skiej<\/strong> na po\u0142udniowym-zachodzie do <strong>Pasma Babiog\u00f3rskiego<\/strong> na p\u00f3\u0142nocnym-wschodzie.<br \/>\nKraniec po\u0142udniowo-zachodni nazywany jest <strong>Workiem Racza\u0144skim<\/strong>, z najwy\u017cszymi <em>Wielk\u0105 Racz\u0105 1236m i Wielk\u0105 Rycerzow\u0105 1226m<\/em>. Dalej ku p\u00f3\u0142nocnemu-wschodowi grzbiet graniczny przechodzi przez <em>Krawc\u00f3w Wierch 1064m<\/em>, Trzy Kopce 1216m na Pilsko 1557m. W \u015brodkowej cz\u0119\u015bci regionu wyst\u0119puj\u0105 gniazda g\u00f3rskie, tworz\u0105ce kr\u00f3tsze pasma, na czele z takimi szczytami jak <em>Hala Lipowska 1324m, Hala Rysianka 1322m, Romanka 1366m, Sucha G\u00f3ra 1040m, Hala Boracza 926m, Prus\u00f3w 1010m i Ska\u0142a 946m<\/em>. Jego granice wyznaczaj\u0105 doliny dw\u00f3ch rzek. <strong>So\u0142a<\/strong> na zachodzie oddziela go od Beskidu \u015al\u0105skiego, a <strong>Koszarawa<\/strong> od Beskidu Ma\u0142ego na wschodzie.<\/p>\n            <\/p>\n\n            \n            <div>\n                <input class=\"wpProQuiz_button\" type=\"button\" value=\"Rozpocznij quiz\"\n                       name=\"startQuiz\">\n            <\/div>\n        <\/div>\n                <div style=\"display: none;\" class=\"wpProQuiz_lock\">\n            <p>\n                Ju\u017c uko\u0144czy\u0142e\u015b quiz. Nie mo\u017cesz rozpocz\u0105\u0107 jeszcze raz.            <\/p>\n        <\/div>\n                <div style=\"display: none;\" class=\"wpProQuiz_loadQuiz\">\n            <p>\n                \u0141adowanie quizu\u2026            <\/p>\n        <\/div>\n                <div style=\"display: none;\" class=\"wpProQuiz_startOnlyRegisteredUser\">\n            <p>\n                Musisz si\u0119 zalogowa\u0107, aby rozpocz\u0105\u0107 quiz.            <\/p>\n        <\/div>\n                <div style=\"display: none;\" class=\"wpProQuiz_prerequisite\">\n            <p>\n                Musisz uko\u0144czy\u0107 nast\u0119puj\u0105cy quiz, aby rozpocz\u0105\u0107 ten:                <span><\/span>\n            <\/p>\n        <\/div>\n                <div style=\"display: none;\" class=\"wpProQuiz_results\">\n            <h4 class=\"wpProQuiz_header\">Wyniki<\/h4>\n                            <p>\n                    udzielono odpowiedzi dobrze na <span class=\"wpProQuiz_correct_answer\">0<\/span> z <span>7<\/span>                <\/p>\n                            <p class=\"wpProQuiz_quiz_time\">\n                    Tw\u00f3j czas: <span><\/span>                <\/p>\n                        <p class=\"wpProQuiz_time_limit_expired\" style=\"display: none;\">\n                Czas si\u0119\u00a0sko\u0144czy\u0142            <\/p>\n                            <p class=\"wpProQuiz_points\">\n                    Zdoby\u0142e\u015b <span>0<\/span> z <span>0<\/span> punkt\u00f3w, (<span>0<\/span>)                <\/p>\n                                        <div class=\"wpProQuiz_resultTable\">\n                    <table>\n                        <tbody>\n                        <tr>\n                            <td class=\"wpProQuiz_resultName\">\u015aredni wynik<\/td>\n                            <td class=\"wpProQuiz_resultValue\">\n                                <div style=\"background-color: #6CA54C;\">&nbsp;<\/div>\n                                <span>&nbsp;<\/span>\n                            <\/td>\n                        <\/tr>\n                        <tr>\n                            <td class=\"wpProQuiz_resultName\">Tw\u00f3j wynik<\/td>\n                            <td class=\"wpProQuiz_resultValue\">\n                                <div style=\"background-color: #F79646;\">&nbsp;<\/div>\n                                <span>&nbsp;<\/span>\n                            <\/td>\n                        <\/tr>\n                        <\/tbody>\n                    <\/table>\n                <\/div>\n                        <div class=\"wpProQuiz_catOverview\" style=\"display:none;\">\n                <h4>Kategorie<\/h4>\n\n                <div style=\"margin-top: 10px;\">\n                    <ol>\n                                                    <li data-category_id=\"2\">\n                                <span class=\"wpProQuiz_catName\">historia<\/span>\n                                <span class=\"wpProQuiz_catPercent\">0%<\/span>\n                            <\/li>\n                                                    <li data-category_id=\"7\">\n                                <span class=\"wpProQuiz_catName\">\u017cywiecki<\/span>\n                                <span class=\"wpProQuiz_catPercent\">0%<\/span>\n                            <\/li>\n                                            <\/ol>\n                <\/div>\n            <\/div>\n            <div>\n                <ul class=\"wpProQuiz_resultsList\">\n                                            <li style=\"display: none;\">\n                            <div>\n                                <p><img decoding=\"async\" class=\"alignleft size-full wp-image-221\" src=\"http:\/\/zabieszczaduj.pl\/quiz\/wp-content\/uploads\/2014\/08\/zero.gif\" alt=\"Przypadkowy turysta\" width=\"240\" height=\"236\" \/>Bia\u0142e adidasy, miejski pleczacek i koszulka na rami\u0105czkach. Na ka\u017cdym kroku kupuje chi\u0144skie pami\u0105tki. Wszystko to tr\u0105ci nieco gnu\u015bnym wo\u017ceniem si\u0119 samochodem i ob\u017ceraniem si\u0119 lodami na deptaku.<br \/>\nHmm\u2026 <a title=\"Sprawd\u017a si\u0119 z wiedzy o Bieszczadach\" href=\"http:\/\/zabieszczaduj.pl\/quiz\/\">spr\u00f3buj raz jeszcze<\/a> i udowodnij, \u017ce <strong>to jednak nie Ty<\/strong> \ud83d\ude09<\/p>\n<p><em>pod list\u0105 mo\u017cliwo\u015b\u0107 sprawdzenia b\u0142\u0119d\u00f3w<\/em><\/p>\n                            <\/div>\n                        <\/li>\n                                            <li style=\"display: none;\">\n                            <div>\n                                <p><img decoding=\"async\" class=\"alignleft size-full wp-image-222\" src=\"http:\/\/zabieszczaduj.pl\/quiz\/wp-content\/uploads\/2014\/08\/10.gif\" alt=\"Wczasowicz\" width=\"315\" height=\"362\" \/>Fatalnie, prawie wszystko \u017ale&#8230; Mo\u017cna powiedzie\u0107, \u017ce przygotowane pytania nieco Ci\u0119 poturbowa\u0142y. Wiedzowo wygl\u0105dasz na kogo\u015b, kto <strong>sapie ze zm\u0119czenia<\/strong> po pokonaniu 300 m, a potem opowiada znajomym, jakie to niby wysokie szczyty zosta\u0142y przez niego zdobyte oraz ile wysi\u0142ku go to kosztowa\u0142o \ud83d\ude09<\/p>\n<p><em>pod list\u0105 mo\u017cliwo\u015b\u0107 sprawdzenia b\u0142\u0119d\u00f3w<\/em><\/p>\n                            <\/div>\n                        <\/li>\n                                            <li style=\"display: none;\">\n                            <div>\n                                <p><img loading=\"lazy\" decoding=\"async\" class=\"alignleft size-full wp-image-223\" src=\"http:\/\/zabieszczaduj.pl\/quiz\/wp-content\/uploads\/2014\/08\/20.gif\" alt=\"Turysta\" width=\"178\" height=\"324\" \/>Troch\u0119 s\u0142abo &#8211; mo\u017ce warto spr\u00f3bowa\u0107 jeszcze raz, bo turysta z Ciebie do\u015b\u0107 przypadkowy. Doskonale znajdujesz si\u0119 w bezrefleksyjnie ws\u0142uchanej i g\u0142upio wgapionej grupce \u201czwiedzaczy\u201d \ud83d\ude09 Bardziej <strong>wycieczkowicz, tzw. \u201codwiedzaj\u0105cy jednodniowy\u201d<\/strong>, ni\u017c jad\u0105cy, by w\u0119drowa\u0107 po g\u00f3rach.<\/p>\n<p><a title=\"Sprawd\u017a si\u0119 z wiedzy o Bieszczadach\" href=\"http:\/\/zabieszczaduj.pl\/quiz\/\">Wynik do poprawki<\/a>! <em>pod list\u0105 mo\u017cliwo\u015b\u0107 sprawdzenia b\u0142\u0119d\u00f3w<\/em><\/p>\n                            <\/div>\n                        <\/li>\n                                            <li style=\"display: none;\">\n                            <div>\n                                <p><img loading=\"lazy\" decoding=\"async\" class=\"alignleft size-full wp-image-224\" src=\"http:\/\/zabieszczaduj.pl\/quiz\/wp-content\/uploads\/2014\/08\/40.png\" alt=\"W\u0142\u00f3cz\u0119ga\" width=\"272\" height=\"410\" srcset=\"https:\/\/zabieszczaduj.pl\/quiz\/wp-content\/uploads\/2014\/08\/40.png 272w, https:\/\/zabieszczaduj.pl\/quiz\/wp-content\/uploads\/2014\/08\/40-199x300.png 199w\" sizes=\"(max-width: 272px) 100vw, 272px\" \/>W\u0142\u00f3cz\u0119ga z Ciebie, ale test wyszed\u0142 Ci p\u00f3\u0142 na p\u00f3\u0142 &#8211; kilka istotniejszych szczeg\u00f3\u0142\u00f3w umkn\u0119\u0142o Twojej uwadze&#8230;<br \/>\n&#8222;Pasjonat g\u00f3rski&#8221;, &#8222;g\u00f3rzysta&#8221;, &#8222;traper&#8221;, &#8222;g\u00f3rski zapaleniec&#8221;&#8230; <strong>troch\u0119 jeszcze brakuje<\/strong> by nazwa\u0107 Ci\u0119 tymi okre\u015bleniami. Istnieje paleta uczu\u0107, jak\u0105 daje prawdziwa wolno\u015b\u0107, mo\u017cliwo\u015b\u0107 zmierzenia si\u0119 ze \u015bwiatem, z samym sob\u0105&#8230; no i naszym testem \ud83d\ude09<\/p>\n<p>Zerknij tylko poni\u017cej na najlepszych, chyba mo\u017cna by\u0142o zrobi\u0107 to lepiej? <a title=\"Sprawd\u017a si\u0119!\" href=\"http:\/\/zabieszczaduj.pl\/quiz\/sprawdz-sie\/\">Spr\u00f3buj zmierzy\u0107 si\u0119 z testem raz jeszcze<\/a>! <em>pod list\u0105 mo\u017cliwo\u015b\u0107 sprawdzenia b\u0142\u0119d\u00f3w<\/em><\/p>\n                            <\/div>\n                        <\/li>\n                                            <li style=\"display: none;\">\n                            <div>\n                                <p><img loading=\"lazy\" decoding=\"async\" class=\"alignleft size-medium wp-image-225\" src=\"http:\/\/zabieszczaduj.pl\/quiz\/wp-content\/uploads\/2014\/08\/60-300x112.jpg\" alt=\"G\u00f3rskie krajobrazy\" width=\"300\" height=\"112\" srcset=\"https:\/\/zabieszczaduj.pl\/quiz\/wp-content\/uploads\/2014\/08\/60-300x112.jpg 300w, https:\/\/zabieszczaduj.pl\/quiz\/wp-content\/uploads\/2014\/08\/60-150x56.jpg 150w, https:\/\/zabieszczaduj.pl\/quiz\/wp-content\/uploads\/2014\/08\/60.jpg 934w\" sizes=\"(max-width: 300px) 100vw, 300px\" \/>Mi\u0142o\u015bnik g\u00f3r to ten, kto chodzi, przeciera szlaki, podziwia przyrod\u0119, docenia jej pi\u0119kno, ma szacunek do pot\u0119gi g\u00f3rskiej. Niby to wszystko masz, jednak troszk\u0119 brakuje do tego, by pom\u00f3c innym <strong>odnale\u017a\u0107 si\u0119 na g\u00f3rskich szlakach<\/strong>\u2026<\/p>\n<p>Zerknij tylko poni\u017cej na najlepszych, chyba mo\u017cna by\u0142o zrobi\u0107 to lepiej? \ud83d\ude09 <a title=\"Sprawd\u017a si\u0119!\" href=\"http:\/\/zabieszczaduj.pl\/quiz\/sprawdz-sie\/\">Od\u015bwie\u017c stron\u0119 i spr\u00f3buj po raz kolejny<\/a>, je\u015bli d\u0105\u017cysz do wi\u0119kszej satysfakcji \ud83d\ude42 <em>pod list\u0105 mo\u017cliwo\u015b\u0107 sprawdzenia b\u0142\u0119d\u00f3w<\/em><\/p>\n                            <\/div>\n                        <\/li>\n                                            <li style=\"display: none;\">\n                            <div>\n                                <p><img loading=\"lazy\" decoding=\"async\" class=\"alignleft size-medium wp-image-226\" src=\"http:\/\/zabieszczaduj.pl\/quiz\/wp-content\/uploads\/2014\/08\/70-300x276.jpg\" alt=\"Wytrawny w\u0119drowiec\" width=\"300\" height=\"276\" srcset=\"https:\/\/zabieszczaduj.pl\/quiz\/wp-content\/uploads\/2014\/08\/70-300x276.jpg 300w, https:\/\/zabieszczaduj.pl\/quiz\/wp-content\/uploads\/2014\/08\/70.jpg 588w\" sizes=\"(max-width: 300px) 100vw, 300px\" \/>Odnajdziesz si\u0119 nawet na nie znakowanych szlakach, je\u015bli trzeba umyjesz si\u0119 w strumykach, prze\u015bpisz pod chmurk\u0105.. przezwyci\u0119\u017cysz liczne trudno\u015bci, <strong>aby dotrze\u0107 wy\u017cej, dalej<\/strong>&#8230;. Jeste\u015b \u015bwiadomy g\u00f3r, kt\u00f3re wi\u0105\u017c\u0105 si\u0119 dla Ciebie z: wolno\u015bci\u0105, odpowiedzialno\u015bci\u0105 i odrobin\u0105 ryzyka.<\/p>\n<p>Zobacz jak uplasowa\u0142 si\u0119 Tw\u00f3j wynik po\u015br\u00f3d innych (poni\u017cej listy jest mo\u017cliwo\u015b\u0107 dopisania si\u0119 do tego zacnego grona oraz sprawdzenia swoich b\u0142\u0119d\u00f3w):<\/p>\n                            <\/div>\n                        <\/li>\n                                            <li style=\"display: none;\">\n                            <div>\n                                <p><img loading=\"lazy\" decoding=\"async\" class=\"alignleft size-full wp-image-227\" src=\"http:\/\/zabieszczaduj.pl\/quiz\/wp-content\/uploads\/2014\/08\/80.jpg\" alt=\"Przewodnik beskidzki\" width=\"250\" height=\"250\" srcset=\"https:\/\/zabieszczaduj.pl\/quiz\/wp-content\/uploads\/2014\/08\/80.jpg 250w, https:\/\/zabieszczaduj.pl\/quiz\/wp-content\/uploads\/2014\/08\/80-150x150.jpg 150w\" sizes=\"(max-width: 250px) 100vw, 250px\" \/>Doskonale G\u00f3ro\u0142azie! Wynik godny beskidzkiego przewodnika, <strong>Twoja wiedza budzi szacunek<\/strong>. W g\u00f3rach szukasz autentyczno\u015bci, nie s\u0105 Ci obce noclegowe niewygody, bo blisko\u015b\u0107 porannego wschodu ze szczytu wynagradza niewyspanie. Do zobaczenia na szlaku, <strong>\u201eamigos montaneros\u201c<\/strong>!<\/p>\n<p>Zobacz jak uplasowa\u0142 si\u0119 Tw\u00f3j wynik po\u015br\u00f3d innych (poni\u017cej listy jest mo\u017cliwo\u015b\u0107 dopisania si\u0119 do tego zacnego grona oraz sprawdzenia swoich b\u0142\u0119d\u00f3w):<\/p>\n                            <\/div>\n                        <\/li>\n                                    <\/ul>\n            <\/div>\n                    <div style=\"margin-bottom: 30px; margin-top: 10px;\" class=\"wpProQuiz_toplist\"\n             data-quiz_id=\"16\">\n                        <table class=\"wpProQuiz_toplistTable\">\n                <caption>max z 7 punkt\u00f3w<\/caption>\n                <thead>\n                <tr>\n                    <th style=\"width: 40px;\">#<\/th>\n                    <th style=\"text-align: left !important;\">Nazwa<\/th>\n                    <th style=\"width: 140px;\">Dodany<\/th>\n                    <th style=\"width: 60px;\">Punkty<\/th>\n                    <th style=\"width: 75px;\">Wynik<\/th>\n                <\/tr>\n                <\/thead>\n                <tbody>\n                <tr>\n                    <td colspan=\"5\">Tabela \u0142aduje si\u0119<\/td>\n                <\/tr>\n                <tr style=\"display: none;\">\n                    <td colspan=\"5\">Brak dost\u0119pnych danych<\/td>\n                <\/tr>\n                <tr style=\"display: none;\">\n                    <td><\/td>\n                    <td style=\"text-align: left !important;\"><\/td>\n                    <td style=\" color: rgb(124, 124, 124); font-size: x-small;\"><\/td>\n                    <td><\/td>\n                    <td><\/td>\n                <\/tr>\n                <\/tbody>\n            <\/table>\n        <\/div>\n\n                <div class=\"wpProQuiz_addToplist\" style=\"display: none;\">\n            <span style=\"font-weight: bold;\">Twoje wyniki zosta\u0142y dodane do podsumowania<\/span>\n\n            <div style=\"margin-top: 6px;\">\n                <div class=\"wpProQuiz_addToplistMessage\" style=\"display: none;\">\u0141adowanie<\/div>\n                <div class=\"wpProQuiz_addBox\">\n                    <div>\n\t\t\t\t\t\t<span>\n\t\t\t\t\t\t\t<label>\n                                Nazwa: <input type=\"text\" placeholder=\"Nazwa\" name=\"wpProQuiz_toplistName\" maxlength=\"15\" size=\"16\"\n                                                                            style=\"width: 150px;\">\n                            <\/label>\n\t\t\t\t\t\t\t<label>\n                                E-mail: <input type=\"email\"\n                                                                              placeholder=\"E-mail\"\n                                                                              name=\"wpProQuiz_toplistEmail\" size=\"20\"\n                                                                              style=\"width: 150px;\">\n                            <\/label>\n\t\t\t\t\t\t<\/span>\n\n                        <div style=\"margin-top: 5px;\">\n                            <label>\n                                Captcha: <input type=\"text\" name=\"wpProQuiz_captcha\"\n                                                                               size=\"8\" style=\"width: 50px;\">\n                            <\/label>\n                            <input type=\"hidden\" name=\"wpProQuiz_captchaPrefix\" value=\"0\">\n                            <img decoding=\"async\" alt=\"captcha\" src=\"\" class=\"wpProQuiz_captchaImg\" style=\"vertical-align: middle;\">\n                        <\/div>\n                    <\/div>\n                    <input class=\"wpProQuiz_button2\" type=\"submit\" value=\"Wy\u015blij\"\n                           name=\"wpProQuiz_toplistAdd\">\n                <\/div>\n            <\/div>\n        <\/div>\n                    <div style=\"margin: 10px 0px;\">\n                                    <input class=\"wpProQuiz_button\" type=\"button\" name=\"restartQuiz\"\n                           value=\"Restartuj quiz\">\n                                    <input class=\"wpProQuiz_button\" type=\"button\" name=\"reShowQuestion\"\n                           value=\"Widok pyta\u0144\">\n                                            <\/div>\n        <\/div>\n                <div class=\"wpProQuiz_reviewDiv\" style=\"display: none;\">\n            <div class=\"wpProQuiz_reviewQuestion\">\n                <ol>\n                                            <li>1<\/li>\n                                            <li>2<\/li>\n                                            <li>3<\/li>\n                                            <li>4<\/li>\n                                            <li>5<\/li>\n                                            <li>6<\/li>\n                                            <li>7<\/li>\n                                    <\/ol>\n                <div style=\"display: none;\"><\/div>\n            <\/div>\n            <div class=\"wpProQuiz_reviewLegend\">\n                <ol>\n                    <li>\n                        <span class=\"wpProQuiz_reviewColor\" style=\"background-color: #6CA54C;\"><\/span>\n                        <span class=\"wpProQuiz_reviewText\">Udzielono odpowiedzi<\/span>\n                    <\/li>\n                    <li>\n                        <span class=\"wpProQuiz_reviewColor\" style=\"background-color: #FFB800;\"><\/span>\n                        <span class=\"wpProQuiz_reviewText\">Do sprawdzenia<\/span>\n                    <\/li>\n                <\/ol>\n                <div style=\"clear: both;\"><\/div>\n            <\/div>\n            <div>\n                                    <input type=\"button\" name=\"review\" value=\"Do sprawdzenia\"\n                           class=\"wpProQuiz_button2\" style=\"float: left; display: block;\">\n                                        <div style=\"clear: both;\"><\/div>\n                            <\/div>\n        <\/div>\n                <div class=\"wpProQuiz_quizAnker\" style=\"display: none;\"><\/div>\n                <\/div>\n                <script type=\"text\/javascript\">\n            jQuery(document).ready(function ($) {\n                $('#wpProQuiz_16').wpProQuizFront({\n                    quizId: 16,\n                    mode: 1,\n                    timelimit: 150,\n                    resultsGrade: [0,10,20,40,60,70,80],\n                    bo: 17319,\n                    qpp: 0,\n                    formPos: 0,\n                    lbn: \"Uko\\u0144cz quiz\"                });\n            });\n        <\/script>\n        \n","protected":false},"excerpt":{"rendered":"<p>Beskid \u017bywiecki to drugie co do wysoko\u015bci (po Tatrach) pasmo g\u00f3rskie w Polsce. Nale\u017cy do Zewn\u0119trznych Karpat Zachodnich, a w ich obr\u0119bie do Beskid\u00f3w Zachodnich. Przebiega przez niego Wielki Europejski Dzia\u0142 Wodny mi\u0119dzy zlewiskami Morza Ba\u0142tyckiego i Morza Czarnego.<\/p>\n","protected":false},"author":1,"featured_media":0,"comment_status":"closed","ping_status":"open","sticky":false,"template":"","format":"standard","meta":{"_exactmetrics_skip_tracking":false,"_exactmetrics_sitenote_active":false,"_exactmetrics_sitenote_note":"","_exactmetrics_sitenote_category":0,"footnotes":""},"categories":[1],"tags":[75,18,17,14],"class_list":["post-619","post","type-post","status-publish","format-standard","hentry","category-w-gory","tag-beskid-zywiecki","tag-egzamin-przewodnicki","tag-przewodnik-beskidzki","tag-test-na-przewodnika"],"yoast_head":"<!-- This site is optimized with the Yoast SEO plugin v25.0 - https:\/\/yoast.com\/wordpress\/plugins\/seo\/ -->\n<title>Beskid \u017bywiecki - Bieszczadzki Quiz<\/title>\n<meta name=\"robots\" content=\"index, follow, max-snippet:-1, max-image-preview:large, max-video-preview:-1\" \/>\n<link rel=\"canonical\" href=\"https:\/\/zabieszczaduj.pl\/quiz\/beskid-zywiecki\/\" \/>\n<meta property=\"og:locale\" content=\"pl_PL\" \/>\n<meta property=\"og:type\" content=\"article\" \/>\n<meta property=\"og:title\" content=\"Beskid \u017bywiecki - Bieszczadzki Quiz\" \/>\n<meta property=\"og:description\" content=\"Beskid \u017bywiecki to drugie co do wysoko\u015bci (po Tatrach) pasmo g\u00f3rskie w Polsce. Nale\u017cy do Zewn\u0119trznych Karpat Zachodnich, a w ich obr\u0119bie do Beskid\u00f3w Zachodnich. Przebiega przez niego Wielki Europejski Dzia\u0142 Wodny mi\u0119dzy zlewiskami Morza Ba\u0142tyckiego i Morza Czarnego.\" \/>\n<meta property=\"og:url\" content=\"https:\/\/zabieszczaduj.pl\/quiz\/beskid-zywiecki\/\" \/>\n<meta property=\"og:site_name\" content=\"Bieszczadzki Quiz\" \/>\n<meta property=\"article:published_time\" content=\"2015-07-27T18:34:44+00:00\" \/>\n<meta property=\"article:modified_time\" content=\"2023-09-14T10:40:44+00:00\" \/>\n<meta property=\"og:image\" content=\"http:\/\/zabieszczaduj.pl\/quiz\/wp-content\/uploads\/2015\/07\/zywiecki-1024x768.jpg\" \/>\n<meta name=\"author\" content=\"Mateusz Berger\" \/>\n<meta name=\"twitter:label1\" content=\"Napisane przez\" \/>\n\t<meta name=\"twitter:data1\" content=\"Mateusz Berger\" \/>\n<script type=\"application\/ld+json\" class=\"yoast-schema-graph\">{\"@context\":\"https:\/\/schema.org\",\"@graph\":[{\"@type\":\"WebPage\",\"@id\":\"https:\/\/zabieszczaduj.pl\/quiz\/beskid-zywiecki\/\",\"url\":\"https:\/\/zabieszczaduj.pl\/quiz\/beskid-zywiecki\/\",\"name\":\"Beskid \u017bywiecki - Bieszczadzki Quiz\",\"isPartOf\":{\"@id\":\"https:\/\/zabieszczaduj.pl\/quiz\/#website\"},\"primaryImageOfPage\":{\"@id\":\"https:\/\/zabieszczaduj.pl\/quiz\/beskid-zywiecki\/#primaryimage\"},\"image\":{\"@id\":\"https:\/\/zabieszczaduj.pl\/quiz\/beskid-zywiecki\/#primaryimage\"},\"thumbnailUrl\":\"http:\/\/zabieszczaduj.pl\/quiz\/wp-content\/uploads\/2015\/07\/zywiecki-1024x768.jpg\",\"datePublished\":\"2015-07-27T18:34:44+00:00\",\"dateModified\":\"2023-09-14T10:40:44+00:00\",\"author\":{\"@id\":\"https:\/\/zabieszczaduj.pl\/quiz\/#\/schema\/person\/23e170c7c79f00447ea282b99af87f98\"},\"breadcrumb\":{\"@id\":\"https:\/\/zabieszczaduj.pl\/quiz\/beskid-zywiecki\/#breadcrumb\"},\"inLanguage\":\"pl-PL\",\"potentialAction\":[{\"@type\":\"ReadAction\",\"target\":[\"https:\/\/zabieszczaduj.pl\/quiz\/beskid-zywiecki\/\"]}]},{\"@type\":\"ImageObject\",\"inLanguage\":\"pl-PL\",\"@id\":\"https:\/\/zabieszczaduj.pl\/quiz\/beskid-zywiecki\/#primaryimage\",\"url\":\"http:\/\/zabieszczaduj.pl\/quiz\/wp-content\/uploads\/2015\/07\/zywiecki-1024x768.jpg\",\"contentUrl\":\"http:\/\/zabieszczaduj.pl\/quiz\/wp-content\/uploads\/2015\/07\/zywiecki-1024x768.jpg\"},{\"@type\":\"BreadcrumbList\",\"@id\":\"https:\/\/zabieszczaduj.pl\/quiz\/beskid-zywiecki\/#breadcrumb\",\"itemListElement\":[{\"@type\":\"ListItem\",\"position\":1,\"name\":\"Strona g\u0142\u00f3wna\",\"item\":\"https:\/\/zabieszczaduj.pl\/quiz\/\"},{\"@type\":\"ListItem\",\"position\":2,\"name\":\"Beskid \u017bywiecki\"}]},{\"@type\":\"WebSite\",\"@id\":\"https:\/\/zabieszczaduj.pl\/quiz\/#website\",\"url\":\"https:\/\/zabieszczaduj.pl\/quiz\/\",\"name\":\"Bieszczadzki Quiz\",\"description\":\"G&oacute;ry i ludzie, w\u0119dr&oacute;wki z plecakiem, pi\u0119kne widoki i schroniskowe bazy zawsze szeroko otwarte dla zdobywaj\u0105cych Bieszczady\",\"potentialAction\":[{\"@type\":\"SearchAction\",\"target\":{\"@type\":\"EntryPoint\",\"urlTemplate\":\"https:\/\/zabieszczaduj.pl\/quiz\/?s={search_term_string}\"},\"query-input\":{\"@type\":\"PropertyValueSpecification\",\"valueRequired\":true,\"valueName\":\"search_term_string\"}}],\"inLanguage\":\"pl-PL\"},{\"@type\":\"Person\",\"@id\":\"https:\/\/zabieszczaduj.pl\/quiz\/#\/schema\/person\/23e170c7c79f00447ea282b99af87f98\",\"name\":\"Mateusz Berger\",\"image\":{\"@type\":\"ImageObject\",\"inLanguage\":\"pl-PL\",\"@id\":\"https:\/\/zabieszczaduj.pl\/quiz\/#\/schema\/person\/image\/\",\"url\":\"https:\/\/secure.gravatar.com\/avatar\/f71a5ca0037a99776fe8abd176ef6e238022f099e7754c60c423b8cb3cabd459?s=96&d=mm&r=g\",\"contentUrl\":\"https:\/\/secure.gravatar.com\/avatar\/f71a5ca0037a99776fe8abd176ef6e238022f099e7754c60c423b8cb3cabd459?s=96&d=mm&r=g\",\"caption\":\"Mateusz Berger\"},\"url\":\"https:\/\/zabieszczaduj.pl\/quiz\/author\/matebe\/\"}]}<\/script>\n<!-- \/ Yoast SEO plugin. -->","yoast_head_json":{"title":"Beskid \u017bywiecki - Bieszczadzki Quiz","robots":{"index":"index","follow":"follow","max-snippet":"max-snippet:-1","max-image-preview":"max-image-preview:large","max-video-preview":"max-video-preview:-1"},"canonical":"https:\/\/zabieszczaduj.pl\/quiz\/beskid-zywiecki\/","og_locale":"pl_PL","og_type":"article","og_title":"Beskid \u017bywiecki - Bieszczadzki Quiz","og_description":"Beskid \u017bywiecki to drugie co do wysoko\u015bci (po Tatrach) pasmo g\u00f3rskie w Polsce. Nale\u017cy do Zewn\u0119trznych Karpat Zachodnich, a w ich obr\u0119bie do Beskid\u00f3w Zachodnich. Przebiega przez niego Wielki Europejski Dzia\u0142 Wodny mi\u0119dzy zlewiskami Morza Ba\u0142tyckiego i Morza Czarnego.","og_url":"https:\/\/zabieszczaduj.pl\/quiz\/beskid-zywiecki\/","og_site_name":"Bieszczadzki Quiz","article_published_time":"2015-07-27T18:34:44+00:00","article_modified_time":"2023-09-14T10:40:44+00:00","og_image":[{"url":"http:\/\/zabieszczaduj.pl\/quiz\/wp-content\/uploads\/2015\/07\/zywiecki-1024x768.jpg","type":"","width":"","height":""}],"author":"Mateusz Berger","twitter_misc":{"Napisane przez":"Mateusz Berger"},"schema":{"@context":"https:\/\/schema.org","@graph":[{"@type":"WebPage","@id":"https:\/\/zabieszczaduj.pl\/quiz\/beskid-zywiecki\/","url":"https:\/\/zabieszczaduj.pl\/quiz\/beskid-zywiecki\/","name":"Beskid \u017bywiecki - Bieszczadzki Quiz","isPartOf":{"@id":"https:\/\/zabieszczaduj.pl\/quiz\/#website"},"primaryImageOfPage":{"@id":"https:\/\/zabieszczaduj.pl\/quiz\/beskid-zywiecki\/#primaryimage"},"image":{"@id":"https:\/\/zabieszczaduj.pl\/quiz\/beskid-zywiecki\/#primaryimage"},"thumbnailUrl":"http:\/\/zabieszczaduj.pl\/quiz\/wp-content\/uploads\/2015\/07\/zywiecki-1024x768.jpg","datePublished":"2015-07-27T18:34:44+00:00","dateModified":"2023-09-14T10:40:44+00:00","author":{"@id":"https:\/\/zabieszczaduj.pl\/quiz\/#\/schema\/person\/23e170c7c79f00447ea282b99af87f98"},"breadcrumb":{"@id":"https:\/\/zabieszczaduj.pl\/quiz\/beskid-zywiecki\/#breadcrumb"},"inLanguage":"pl-PL","potentialAction":[{"@type":"ReadAction","target":["https:\/\/zabieszczaduj.pl\/quiz\/beskid-zywiecki\/"]}]},{"@type":"ImageObject","inLanguage":"pl-PL","@id":"https:\/\/zabieszczaduj.pl\/quiz\/beskid-zywiecki\/#primaryimage","url":"http:\/\/zabieszczaduj.pl\/quiz\/wp-content\/uploads\/2015\/07\/zywiecki-1024x768.jpg","contentUrl":"http:\/\/zabieszczaduj.pl\/quiz\/wp-content\/uploads\/2015\/07\/zywiecki-1024x768.jpg"},{"@type":"BreadcrumbList","@id":"https:\/\/zabieszczaduj.pl\/quiz\/beskid-zywiecki\/#breadcrumb","itemListElement":[{"@type":"ListItem","position":1,"name":"Strona g\u0142\u00f3wna","item":"https:\/\/zabieszczaduj.pl\/quiz\/"},{"@type":"ListItem","position":2,"name":"Beskid \u017bywiecki"}]},{"@type":"WebSite","@id":"https:\/\/zabieszczaduj.pl\/quiz\/#website","url":"https:\/\/zabieszczaduj.pl\/quiz\/","name":"Bieszczadzki Quiz","description":"G&oacute;ry i ludzie, w\u0119dr&oacute;wki z plecakiem, pi\u0119kne widoki i schroniskowe bazy zawsze szeroko otwarte dla zdobywaj\u0105cych Bieszczady","potentialAction":[{"@type":"SearchAction","target":{"@type":"EntryPoint","urlTemplate":"https:\/\/zabieszczaduj.pl\/quiz\/?s={search_term_string}"},"query-input":{"@type":"PropertyValueSpecification","valueRequired":true,"valueName":"search_term_string"}}],"inLanguage":"pl-PL"},{"@type":"Person","@id":"https:\/\/zabieszczaduj.pl\/quiz\/#\/schema\/person\/23e170c7c79f00447ea282b99af87f98","name":"Mateusz Berger","image":{"@type":"ImageObject","inLanguage":"pl-PL","@id":"https:\/\/zabieszczaduj.pl\/quiz\/#\/schema\/person\/image\/","url":"https:\/\/secure.gravatar.com\/avatar\/f71a5ca0037a99776fe8abd176ef6e238022f099e7754c60c423b8cb3cabd459?s=96&d=mm&r=g","contentUrl":"https:\/\/secure.gravatar.com\/avatar\/f71a5ca0037a99776fe8abd176ef6e238022f099e7754c60c423b8cb3cabd459?s=96&d=mm&r=g","caption":"Mateusz Berger"},"url":"https:\/\/zabieszczaduj.pl\/quiz\/author\/matebe\/"}]}},"_links":{"self":[{"href":"https:\/\/zabieszczaduj.pl\/quiz\/wp-json\/wp\/v2\/posts\/619","targetHints":{"allow":["GET"]}}],"collection":[{"href":"https:\/\/zabieszczaduj.pl\/quiz\/wp-json\/wp\/v2\/posts"}],"about":[{"href":"https:\/\/zabieszczaduj.pl\/quiz\/wp-json\/wp\/v2\/types\/post"}],"author":[{"embeddable":true,"href":"https:\/\/zabieszczaduj.pl\/quiz\/wp-json\/wp\/v2\/users\/1"}],"replies":[{"embeddable":true,"href":"https:\/\/zabieszczaduj.pl\/quiz\/wp-json\/wp\/v2\/comments?post=619"}],"version-history":[{"count":3,"href":"https:\/\/zabieszczaduj.pl\/quiz\/wp-json\/wp\/v2\/posts\/619\/revisions"}],"predecessor-version":[{"id":648,"href":"https:\/\/zabieszczaduj.pl\/quiz\/wp-json\/wp\/v2\/posts\/619\/revisions\/648"}],"wp:attachment":[{"href":"https:\/\/zabieszczaduj.pl\/quiz\/wp-json\/wp\/v2\/media?parent=619"}],"wp:term":[{"taxonomy":"category","embeddable":true,"href":"https:\/\/zabieszczaduj.pl\/quiz\/wp-json\/wp\/v2\/categories?post=619"},{"taxonomy":"post_tag","embeddable":true,"href":"https:\/\/zabieszczaduj.pl\/quiz\/wp-json\/wp\/v2\/tags?post=619"}],"curies":[{"name":"wp","href":"https:\/\/api.w.org\/{rel}","templated":true}]}}