{"id":529,"date":"2015-01-31T09:09:20","date_gmt":"2015-01-31T08:09:20","guid":{"rendered":"http:\/\/zabieszczaduj.pl\/quiz\/?p=529"},"modified":"2023-09-14T12:40:45","modified_gmt":"2023-09-14T10:40:45","slug":"za-kulisami-na-granicy","status":"publish","type":"post","link":"https:\/\/zabieszczaduj.pl\/quiz\/za-kulisami-na-granicy\/","title":{"rendered":"Za kulisami Na granicy"},"content":{"rendered":"<div class=\"fcbkbttn_buttons_block\" id=\"fcbkbttn_left\"><div class=\"fcbkbttn_like \"><fb:like href=\"https:\/\/zabieszczaduj.pl\/quiz\/za-kulisami-na-granicy\/\" action=\"like\" colorscheme=\"light\" layout=\"button_count\"  size=\"small\"><\/fb:like><\/div><\/div><p><img fetchpriority=\"high\" decoding=\"async\" class=\"aligncenter size-full wp-image-532\" src=\"http:\/\/zabieszczaduj.pl\/quiz\/wp-content\/uploads\/2015\/02\/na_granicy.jpg\" alt=\"na_granicy\" width=\"740\" height=\"405\" srcset=\"https:\/\/zabieszczaduj.pl\/quiz\/wp-content\/uploads\/2015\/02\/na_granicy.jpg 740w, https:\/\/zabieszczaduj.pl\/quiz\/wp-content\/uploads\/2015\/02\/na_granicy-150x82.jpg 150w\" sizes=\"(max-width: 740px) 100vw, 740px\" \/><\/p>\n<p>Z pocz\u0105tkiem 2015 roku w Biesz\u00adcza\u00addach pad\u0142 pierw\u00adszy klaps do <strong>thril\u00adle\u00adra &#8222;Na gra\u00adni\u00adcy&#8221;<\/strong>, de\u00adbiu\u00adtu fa\u00adbu\u00adlar\u00adne\u00adgo Woj\u00adcie\u00adcha Ka\u00adsper\u00adskie\u00adgo. Ca\u0142a historia in\u00adspi\u00adro\u00adwa\u00adna jest praw\u00addzi\u00adwy\u00admi wy\u00adda\u00adrze\u00adnia\u00admi z \u017cycia ojca i dw\u00f3ch syn\u00f3w, kt\u00f3\u00adrzy <strong>przy\u00adje\u017c\u00add\u017ca\u00adj\u0105 w Biesz\u00adcza\u00addy<\/strong>, aby u\u0142o\u00ad\u017cy\u0107 sobie re\u00adla\u00adcje po nie\u00addaw\u00adnej ro\u00addzin\u00adnej tra\u00adge\u00addii. Ta\u00adjem\u00adni\u00adczy nie\u00adzna\u00adjo\u00admy, po\u00adja\u00adwia\u00adj\u0105\u00adcy si\u0119 w od\u00adci\u0119\u00adtej od cy\u00adwi\u00adli\u00adza\u00adcji g\u00f3r\u00adskiej bazie, wci\u0105\u00adga bo\u00adha\u00adte\u00adr\u00f3w w mrocz\u00adny i <strong>nie\u00adbez\u00adpiecz\u00adny \u015bwiat prze\u00adst\u0119p\u00adcze\u00adgo po\u00adgra\u00adni\u00adcza<\/strong>. Aby prze\u00adtrwa\u0107, bra\u00adcia b\u0119d\u0105 zmu\u00adsze\u00adni do od\u00adro\u00adbie\u00adnia trud\u00adnej lek\u00adcji doj\u00adrza\u00ad\u0142o\u00ad\u015bci.<\/p>\n<h2>Bieszczadzkie t\u0142o<\/h2>\n<p>Odpowiedzialny za zdj\u0119cia \u0141u\u00adkasz \u017bal, nominowany rok temu do Oscara za film &#8222;Ida&#8221;, nieco si\u0119 nagimnastykowa\u0142, by na gal\u0119 rozdania statuetek dotrze\u0107:<\/p>\n<blockquote><p>W\u0142a\u015bciwie do marca b\u0119d\u0119 ca\u0142y czas w lesie. Ale na Oscary pewnie pojad\u0119: rozmawia\u0142em ju\u017c z moim szwenkierem, kt\u00f3ry na kilka dni mnie zast\u0105pi. Jako\u015b musimy to zorganizowa\u0107.<\/p><\/blockquote>\n<p><BR><\/p>\n<p>Jak si\u0119 okaza\u0142o, warto by\u0142o wraz z filmow\u0105 ekip\u0105 uczestniczy\u0107 w niew\u0105tpliwym sukcesie polskiego filmu, wyr\u00f3\u017cnionego w kategorii obraz nieangloj\u0119zyczny. Jego praca na planie filmu &#8222;Na Granicy&#8221; to uczynienie Bieszczad\u00f3w &#8211; <em>czystych, spokojnych, wizualnie bardzo uporz\u0105dkowanych<\/em> &#8211; miejscem akcji, kt\u00f3ra wzbudzi niepok\u00f3j. Kiedy <strong>przekroczysz granic\u0119<\/strong>, nie b\u0119dzie odwrotu! Nikt ci\u0119 nie us\u0142yszy, nikt ci nie pomo\u017ce. Jeste\u015b zdany tylko na siebie. Takie napi\u0119cie buduje zwiastun filmu, takie z\u0142owrogie Bieszczady b\u0119dziemy mogli na du\u017cym ekranie podziwia\u0107. Izolacj\u0119, w kt\u00f3rej znale\u017ali si\u0119 bohaterowie filmu, podkre\u015blaj\u0105 w rozmowach tw\u00f3rcy filmu:<br \/>\n<center><br \/>\n<iframe title=\"&quot;Na granicy&quot;. Rozmowa z tw\u00f3rcami filmu\" width=\"760\" height=\"428\" src=\"https:\/\/www.youtube.com\/embed\/4i-lFDPv0RA?feature=oembed\" frameborder=\"0\" allow=\"accelerometer; autoplay; clipboard-write; encrypted-media; gyroscope; picture-in-picture; web-share\" allowfullscreen><\/iframe><br \/>\n<\/center><\/p>\n<blockquote><p>Przyroda ma tam doskona\u0142e warunki. Jest te\u017c niezwyk\u0142a magiczna aura, kt\u00f3ra dodawa\u0142a uroku naszej wyprawie<\/p><\/blockquote>\n<p><BR><\/p>\n<p> &#8211; zauwa\u017ca\u0142 re\u017cyser. Ale\u017c to b\u0119dzie kino! Wielkie emocje i jeszcze wi\u0119ksze wyzwanie aktorskie &#8211; szykuje si\u0119 mocne, m\u0119skie kino. Starcie, kt\u00f3re przetrwaj\u0105 najwytrwalsi. &#8222;Na granicy&#8221; to spotkanie m.in. <strong>z Andrzejem Grabowskim i Andrzejem Chyr\u0105<\/strong>. Do obsady trafi\u0142o r\u00f3wnie\u017c dw\u00f3ch m\u0142o\u00addych ak\u00adto\u00adr\u00f3w: Bar\u00adto\u00adsz Bie\u00adle\u00adnia i de\u00adbiu\u00adtu\u00adj\u0105\u00adcy na ekra\u00adnie &#8211; Ja\u00adku\u00adb Hen\u00adrik\u00adse\u00adn.<\/p>\n<p>Producentem filmu jest Marcin Wierzchos\u0142awski z Metro Films, producent m.in. polsko-francuskiego \u201eKreta\u201d Rafaela Lewandowskiego.<br \/>\nDystrybutorem filmu jest <strong>Kino \u015awiat<\/strong>.<\/p>\n<p><img decoding=\"async\" class=\"aligncenter size-full wp-image-530\" src=\"http:\/\/zabieszczaduj.pl\/quiz\/wp-content\/uploads\/2015\/02\/10349224_1052191261461822_3505257992552744054_n.jpg\" alt=\"10349224_1052191261461822_3505257992552744054_n\" width=\"960\" height=\"417\" srcset=\"https:\/\/zabieszczaduj.pl\/quiz\/wp-content\/uploads\/2015\/02\/10349224_1052191261461822_3505257992552744054_n.jpg 960w, https:\/\/zabieszczaduj.pl\/quiz\/wp-content\/uploads\/2015\/02\/10349224_1052191261461822_3505257992552744054_n-300x130.jpg 300w, https:\/\/zabieszczaduj.pl\/quiz\/wp-content\/uploads\/2015\/02\/10349224_1052191261461822_3505257992552744054_n-150x65.jpg 150w\" sizes=\"(max-width: 960px) 100vw, 960px\" \/><\/p>\n<p><strong>Multikino<\/strong> razem z Programem 2 Telewizji Polskiej zapraszaj\u0105 na przedpremierowy pokaz filmu \u201eNa granicy\u201d ju\u017c <strong>8 lutego br. o godz. 19:00<\/strong>.<\/p>\n<figure id=\"attachment_1299\" aria-describedby=\"caption-attachment-1299\" style=\"width: 470px\" class=\"wp-caption aligncenter\"><a href=\"http:\/\/zabieszczaduj.pl\/quiz\/wp-content\/uploads\/2015\/02\/Bez-nazwy-1.jpg\" data-lbwps-width=\"470\" data-lbwps-height=\"246\" data-lbwps-srcsmall=\"https:\/\/zabieszczaduj.pl\/quiz\/wp-content\/uploads\/2015\/02\/Bez-nazwy-1-300x157.jpg\" data-lbwps-caption=\"w Multikinie\"><img decoding=\"async\" src=\"http:\/\/zabieszczaduj.pl\/quiz\/wp-content\/uploads\/2015\/02\/Bez-nazwy-1.jpg\" alt=\"w Multikinie\" width=\"470\" height=\"246\" class=\"size-full wp-image-1299\" srcset=\"https:\/\/zabieszczaduj.pl\/quiz\/wp-content\/uploads\/2015\/02\/Bez-nazwy-1.jpg 470w, https:\/\/zabieszczaduj.pl\/quiz\/wp-content\/uploads\/2015\/02\/Bez-nazwy-1-300x157.jpg 300w, https:\/\/zabieszczaduj.pl\/quiz\/wp-content\/uploads\/2015\/02\/Bez-nazwy-1-150x79.jpg 150w\" sizes=\"(max-width: 470px) 100vw, 470px\" \/><\/a><figcaption id=\"caption-attachment-1299\" class=\"wp-caption-text\">w Multikinie<\/figcaption><\/figure>\n<p>Pokaz specjalny z udzia\u0142em Gra\u017cyny Torbickiej i zaproszonych go\u015bci odb\u0119dzie w warszawskim Multikinie Z\u0142ote Tarasy, ale widzowie spoza stolicy, r\u00f3wnie\u017c b\u0119d\u0105 mogli w wyj\u0105tkowej przedpremierze uczestniczy\u0107. Do wydarzenia do\u0142\u0105czy\u0142y takie miasta jak Bydgoszcz, Gda\u0144sk, Gdynia, Katowice, Kielce, Krak\u00f3w, Lublin, \u0141\u00f3d\u017a, Olsztyn, Pozna\u0144 \u2013 Stary Browar, Sopot, Szczecin, Warszawa \u2013 Ursyn\u00f3w, Warszawa \u2013 Z\u0142ote Tarasy i Wroc\u0142aw Pasa\u017c.<br \/>\n<center><em><a href=\"http:\/\/zabieszczaduj.pl\/quiz\/bieszczadzkie-pogranicze\/\">Zapraszamy na ten pokaz, a przedtem polecamy<BR> sprawdzenie si\u0119 z wiedzy o bieszczadzkim pograniczu.<\/a><\/em><\/p>\n<p><iframe title=\"NA GRANICY - oficjalny zwiastun HD\" width=\"760\" height=\"428\" src=\"https:\/\/www.youtube.com\/embed\/UwLQhO0Tsn4?feature=oembed\" frameborder=\"0\" allow=\"accelerometer; autoplay; clipboard-write; encrypted-media; gyroscope; picture-in-picture; web-share\" allowfullscreen><\/iframe><br \/>\n<\/center><\/p>\n","protected":false},"excerpt":{"rendered":"<p>W Biesz\u00adcza\u00addach pad\u0142 pierw\u00adszy klaps do thril\u00adle\u00adra &#8222;Na gra\u00adni\u00adcy&#8221;, de\u00adbiu\u00adtu fa\u00adbu\u00adlar\u00adne\u00adgo Woj\u00adcie\u00adcha Ka\u00adsper\u00adskie\u00adgo<\/p>\n","protected":false},"author":1,"featured_media":0,"comment_status":"closed","ping_status":"open","sticky":false,"template":"","format":"standard","meta":{"_exactmetrics_skip_tracking":false,"_exactmetrics_sitenote_active":false,"_exactmetrics_sitenote_note":"","_exactmetrics_sitenote_category":0,"footnotes":""},"categories":[1],"tags":[58,59,60],"class_list":["post-529","post","type-post","status-publish","format-standard","hentry","category-w-gory","tag-film","tag-kultura","tag-zdjecia"],"yoast_head":"<!-- This site is optimized with the Yoast SEO plugin v25.0 - https:\/\/yoast.com\/wordpress\/plugins\/seo\/ -->\n<title>Za kulisami Na granicy - Bieszczadzki Quiz<\/title>\n<meta name=\"robots\" content=\"index, follow, max-snippet:-1, max-image-preview:large, max-video-preview:-1\" \/>\n<link rel=\"canonical\" href=\"https:\/\/zabieszczaduj.pl\/quiz\/za-kulisami-na-granicy\/\" \/>\n<meta property=\"og:locale\" content=\"pl_PL\" \/>\n<meta property=\"og:type\" content=\"article\" \/>\n<meta property=\"og:title\" content=\"Za kulisami Na granicy - Bieszczadzki Quiz\" \/>\n<meta property=\"og:description\" content=\"W Biesz\u00adcza\u00addach pad\u0142 pierw\u00adszy klaps do thril\u00adle\u00adra &quot;Na gra\u00adni\u00adcy&quot;, de\u00adbiu\u00adtu fa\u00adbu\u00adlar\u00adne\u00adgo Woj\u00adcie\u00adcha Ka\u00adsper\u00adskie\u00adgo\" \/>\n<meta property=\"og:url\" content=\"https:\/\/zabieszczaduj.pl\/quiz\/za-kulisami-na-granicy\/\" \/>\n<meta property=\"og:site_name\" content=\"Bieszczadzki Quiz\" \/>\n<meta property=\"article:published_time\" content=\"2015-01-31T08:09:20+00:00\" \/>\n<meta property=\"article:modified_time\" content=\"2023-09-14T10:40:45+00:00\" \/>\n<meta property=\"og:image\" content=\"https:\/\/zabieszczaduj.pl\/quiz\/wp-content\/uploads\/2015\/02\/Bez-nazwy-1.jpg\" \/>\n\t<meta property=\"og:image:width\" content=\"470\" \/>\n\t<meta property=\"og:image:height\" content=\"246\" \/>\n\t<meta property=\"og:image:type\" content=\"image\/jpeg\" \/>\n<meta name=\"author\" content=\"Mateusz Berger\" \/>\n<meta name=\"twitter:label1\" content=\"Napisane przez\" \/>\n\t<meta name=\"twitter:data1\" content=\"Mateusz Berger\" \/>\n\t<meta name=\"twitter:label2\" content=\"Szacowany czas czytania\" \/>\n\t<meta name=\"twitter:data2\" content=\"3 minuty\" \/>\n<script type=\"application\/ld+json\" class=\"yoast-schema-graph\">{\"@context\":\"https:\/\/schema.org\",\"@graph\":[{\"@type\":\"WebPage\",\"@id\":\"https:\/\/zabieszczaduj.pl\/quiz\/za-kulisami-na-granicy\/\",\"url\":\"https:\/\/zabieszczaduj.pl\/quiz\/za-kulisami-na-granicy\/\",\"name\":\"Za kulisami Na granicy - Bieszczadzki Quiz\",\"isPartOf\":{\"@id\":\"https:\/\/zabieszczaduj.pl\/quiz\/#website\"},\"primaryImageOfPage\":{\"@id\":\"https:\/\/zabieszczaduj.pl\/quiz\/za-kulisami-na-granicy\/#primaryimage\"},\"image\":{\"@id\":\"https:\/\/zabieszczaduj.pl\/quiz\/za-kulisami-na-granicy\/#primaryimage\"},\"thumbnailUrl\":\"http:\/\/zabieszczaduj.pl\/quiz\/wp-content\/uploads\/2015\/02\/na_granicy.jpg\",\"datePublished\":\"2015-01-31T08:09:20+00:00\",\"dateModified\":\"2023-09-14T10:40:45+00:00\",\"author\":{\"@id\":\"https:\/\/zabieszczaduj.pl\/quiz\/#\/schema\/person\/23e170c7c79f00447ea282b99af87f98\"},\"breadcrumb\":{\"@id\":\"https:\/\/zabieszczaduj.pl\/quiz\/za-kulisami-na-granicy\/#breadcrumb\"},\"inLanguage\":\"pl-PL\",\"potentialAction\":[{\"@type\":\"ReadAction\",\"target\":[\"https:\/\/zabieszczaduj.pl\/quiz\/za-kulisami-na-granicy\/\"]}]},{\"@type\":\"ImageObject\",\"inLanguage\":\"pl-PL\",\"@id\":\"https:\/\/zabieszczaduj.pl\/quiz\/za-kulisami-na-granicy\/#primaryimage\",\"url\":\"http:\/\/zabieszczaduj.pl\/quiz\/wp-content\/uploads\/2015\/02\/na_granicy.jpg\",\"contentUrl\":\"http:\/\/zabieszczaduj.pl\/quiz\/wp-content\/uploads\/2015\/02\/na_granicy.jpg\"},{\"@type\":\"BreadcrumbList\",\"@id\":\"https:\/\/zabieszczaduj.pl\/quiz\/za-kulisami-na-granicy\/#breadcrumb\",\"itemListElement\":[{\"@type\":\"ListItem\",\"position\":1,\"name\":\"Strona g\u0142\u00f3wna\",\"item\":\"https:\/\/zabieszczaduj.pl\/quiz\/\"},{\"@type\":\"ListItem\",\"position\":2,\"name\":\"Za kulisami Na granicy\"}]},{\"@type\":\"WebSite\",\"@id\":\"https:\/\/zabieszczaduj.pl\/quiz\/#website\",\"url\":\"https:\/\/zabieszczaduj.pl\/quiz\/\",\"name\":\"Bieszczadzki Quiz\",\"description\":\"G&oacute;ry i ludzie, w\u0119dr&oacute;wki z plecakiem, pi\u0119kne widoki i schroniskowe bazy zawsze szeroko otwarte dla zdobywaj\u0105cych Bieszczady\",\"potentialAction\":[{\"@type\":\"SearchAction\",\"target\":{\"@type\":\"EntryPoint\",\"urlTemplate\":\"https:\/\/zabieszczaduj.pl\/quiz\/?s={search_term_string}\"},\"query-input\":{\"@type\":\"PropertyValueSpecification\",\"valueRequired\":true,\"valueName\":\"search_term_string\"}}],\"inLanguage\":\"pl-PL\"},{\"@type\":\"Person\",\"@id\":\"https:\/\/zabieszczaduj.pl\/quiz\/#\/schema\/person\/23e170c7c79f00447ea282b99af87f98\",\"name\":\"Mateusz Berger\",\"image\":{\"@type\":\"ImageObject\",\"inLanguage\":\"pl-PL\",\"@id\":\"https:\/\/zabieszczaduj.pl\/quiz\/#\/schema\/person\/image\/\",\"url\":\"https:\/\/secure.gravatar.com\/avatar\/f71a5ca0037a99776fe8abd176ef6e238022f099e7754c60c423b8cb3cabd459?s=96&d=mm&r=g\",\"contentUrl\":\"https:\/\/secure.gravatar.com\/avatar\/f71a5ca0037a99776fe8abd176ef6e238022f099e7754c60c423b8cb3cabd459?s=96&d=mm&r=g\",\"caption\":\"Mateusz Berger\"},\"url\":\"https:\/\/zabieszczaduj.pl\/quiz\/author\/matebe\/\"}]}<\/script>\n<!-- \/ Yoast SEO plugin. -->","yoast_head_json":{"title":"Za kulisami Na granicy - Bieszczadzki Quiz","robots":{"index":"index","follow":"follow","max-snippet":"max-snippet:-1","max-image-preview":"max-image-preview:large","max-video-preview":"max-video-preview:-1"},"canonical":"https:\/\/zabieszczaduj.pl\/quiz\/za-kulisami-na-granicy\/","og_locale":"pl_PL","og_type":"article","og_title":"Za kulisami Na granicy - Bieszczadzki Quiz","og_description":"W Biesz\u00adcza\u00addach pad\u0142 pierw\u00adszy klaps do thril\u00adle\u00adra \"Na gra\u00adni\u00adcy\", de\u00adbiu\u00adtu fa\u00adbu\u00adlar\u00adne\u00adgo Woj\u00adcie\u00adcha Ka\u00adsper\u00adskie\u00adgo","og_url":"https:\/\/zabieszczaduj.pl\/quiz\/za-kulisami-na-granicy\/","og_site_name":"Bieszczadzki Quiz","article_published_time":"2015-01-31T08:09:20+00:00","article_modified_time":"2023-09-14T10:40:45+00:00","og_image":[{"width":470,"height":246,"url":"https:\/\/zabieszczaduj.pl\/quiz\/wp-content\/uploads\/2015\/02\/Bez-nazwy-1.jpg","type":"image\/jpeg"}],"author":"Mateusz Berger","twitter_misc":{"Napisane przez":"Mateusz Berger","Szacowany czas czytania":"3 minuty"},"schema":{"@context":"https:\/\/schema.org","@graph":[{"@type":"WebPage","@id":"https:\/\/zabieszczaduj.pl\/quiz\/za-kulisami-na-granicy\/","url":"https:\/\/zabieszczaduj.pl\/quiz\/za-kulisami-na-granicy\/","name":"Za kulisami Na granicy - Bieszczadzki Quiz","isPartOf":{"@id":"https:\/\/zabieszczaduj.pl\/quiz\/#website"},"primaryImageOfPage":{"@id":"https:\/\/zabieszczaduj.pl\/quiz\/za-kulisami-na-granicy\/#primaryimage"},"image":{"@id":"https:\/\/zabieszczaduj.pl\/quiz\/za-kulisami-na-granicy\/#primaryimage"},"thumbnailUrl":"http:\/\/zabieszczaduj.pl\/quiz\/wp-content\/uploads\/2015\/02\/na_granicy.jpg","datePublished":"2015-01-31T08:09:20+00:00","dateModified":"2023-09-14T10:40:45+00:00","author":{"@id":"https:\/\/zabieszczaduj.pl\/quiz\/#\/schema\/person\/23e170c7c79f00447ea282b99af87f98"},"breadcrumb":{"@id":"https:\/\/zabieszczaduj.pl\/quiz\/za-kulisami-na-granicy\/#breadcrumb"},"inLanguage":"pl-PL","potentialAction":[{"@type":"ReadAction","target":["https:\/\/zabieszczaduj.pl\/quiz\/za-kulisami-na-granicy\/"]}]},{"@type":"ImageObject","inLanguage":"pl-PL","@id":"https:\/\/zabieszczaduj.pl\/quiz\/za-kulisami-na-granicy\/#primaryimage","url":"http:\/\/zabieszczaduj.pl\/quiz\/wp-content\/uploads\/2015\/02\/na_granicy.jpg","contentUrl":"http:\/\/zabieszczaduj.pl\/quiz\/wp-content\/uploads\/2015\/02\/na_granicy.jpg"},{"@type":"BreadcrumbList","@id":"https:\/\/zabieszczaduj.pl\/quiz\/za-kulisami-na-granicy\/#breadcrumb","itemListElement":[{"@type":"ListItem","position":1,"name":"Strona g\u0142\u00f3wna","item":"https:\/\/zabieszczaduj.pl\/quiz\/"},{"@type":"ListItem","position":2,"name":"Za kulisami Na granicy"}]},{"@type":"WebSite","@id":"https:\/\/zabieszczaduj.pl\/quiz\/#website","url":"https:\/\/zabieszczaduj.pl\/quiz\/","name":"Bieszczadzki Quiz","description":"G&oacute;ry i ludzie, w\u0119dr&oacute;wki z plecakiem, pi\u0119kne widoki i schroniskowe bazy zawsze szeroko otwarte dla zdobywaj\u0105cych Bieszczady","potentialAction":[{"@type":"SearchAction","target":{"@type":"EntryPoint","urlTemplate":"https:\/\/zabieszczaduj.pl\/quiz\/?s={search_term_string}"},"query-input":{"@type":"PropertyValueSpecification","valueRequired":true,"valueName":"search_term_string"}}],"inLanguage":"pl-PL"},{"@type":"Person","@id":"https:\/\/zabieszczaduj.pl\/quiz\/#\/schema\/person\/23e170c7c79f00447ea282b99af87f98","name":"Mateusz Berger","image":{"@type":"ImageObject","inLanguage":"pl-PL","@id":"https:\/\/zabieszczaduj.pl\/quiz\/#\/schema\/person\/image\/","url":"https:\/\/secure.gravatar.com\/avatar\/f71a5ca0037a99776fe8abd176ef6e238022f099e7754c60c423b8cb3cabd459?s=96&d=mm&r=g","contentUrl":"https:\/\/secure.gravatar.com\/avatar\/f71a5ca0037a99776fe8abd176ef6e238022f099e7754c60c423b8cb3cabd459?s=96&d=mm&r=g","caption":"Mateusz Berger"},"url":"https:\/\/zabieszczaduj.pl\/quiz\/author\/matebe\/"}]}},"_links":{"self":[{"href":"https:\/\/zabieszczaduj.pl\/quiz\/wp-json\/wp\/v2\/posts\/529","targetHints":{"allow":["GET"]}}],"collection":[{"href":"https:\/\/zabieszczaduj.pl\/quiz\/wp-json\/wp\/v2\/posts"}],"about":[{"href":"https:\/\/zabieszczaduj.pl\/quiz\/wp-json\/wp\/v2\/types\/post"}],"author":[{"embeddable":true,"href":"https:\/\/zabieszczaduj.pl\/quiz\/wp-json\/wp\/v2\/users\/1"}],"replies":[{"embeddable":true,"href":"https:\/\/zabieszczaduj.pl\/quiz\/wp-json\/wp\/v2\/comments?post=529"}],"version-history":[{"count":16,"href":"https:\/\/zabieszczaduj.pl\/quiz\/wp-json\/wp\/v2\/posts\/529\/revisions"}],"predecessor-version":[{"id":1337,"href":"https:\/\/zabieszczaduj.pl\/quiz\/wp-json\/wp\/v2\/posts\/529\/revisions\/1337"}],"wp:attachment":[{"href":"https:\/\/zabieszczaduj.pl\/quiz\/wp-json\/wp\/v2\/media?parent=529"}],"wp:term":[{"taxonomy":"category","embeddable":true,"href":"https:\/\/zabieszczaduj.pl\/quiz\/wp-json\/wp\/v2\/categories?post=529"},{"taxonomy":"post_tag","embeddable":true,"href":"https:\/\/zabieszczaduj.pl\/quiz\/wp-json\/wp\/v2\/tags?post=529"}],"curies":[{"name":"wp","href":"https:\/\/api.w.org\/{rel}","templated":true}]}}