{"id":516,"date":"2015-01-25T16:16:40","date_gmt":"2015-01-25T15:16:40","guid":{"rendered":"http:\/\/zabieszczaduj.pl\/quiz\/?p=516"},"modified":"2023-09-14T12:40:45","modified_gmt":"2023-09-14T10:40:45","slug":"sierpniowy-festiwal-rozsypaniec","status":"publish","type":"post","link":"https:\/\/zabieszczaduj.pl\/quiz\/sierpniowy-festiwal-rozsypaniec\/","title":{"rendered":"Sierpniowy festiwal \u201eRozsypaniec\u201d"},"content":{"rendered":"<div class=\"fcbkbttn_buttons_block\" id=\"fcbkbttn_left\"><div class=\"fcbkbttn_like \"><fb:like href=\"https:\/\/zabieszczaduj.pl\/quiz\/sierpniowy-festiwal-rozsypaniec\/\" action=\"like\" colorscheme=\"light\" layout=\"button_count\"  size=\"small\"><\/fb:like><\/div><\/div><blockquote><p>Mi\u0142o\u015bnicy Bieszczad\u00f3w znaj\u0105 z pewno\u015bci\u0105 uczucie t\u0119sknoty za wakacyjnymi, magicznymi Bieszczadami. W takiej chwili, gdy w Bieszczady daleko i nie po drodze, mo\u017cna poczu\u0107 ich klimat ws\u0142uchuj\u0105c si\u0119 w muzyk\u0119 z nimi zwi\u0105zan\u0105. Niepowtarzaln\u0105 sk\u0142adank\u0105, kt\u00f3ra przywodzi na my\u015bl najpi\u0119kniejsze wspomnienia sierpniowych Bieszczad\u00f3w jest z pewno\u015bci\u0105 <strong>p\u0142yta \u201eRozsypaniec\u201d<\/strong>. Kr\u0105\u017cek, na kt\u00f3rym uwiecznione zosta\u0142y koncertowe wykonania piosenek z poprzednich lat festiwalu \u201eRozsypaniec\u201d przypomina o jego tegorocznych obchodach\u2026<\/p><\/blockquote>\n<p>&nbsp;<\/p>\n<p><strong>Festiwal \u201eRozsypaniec\u201d<\/strong> odby\u0142 si\u0119 w 2014 roku w Cisnej <strong>w dniach 13-16 sierpnia<\/strong>. W rejon Bieszczad\u00f3w trafi\u0142y\u015bmy i my, 3 poznanianki, turystki.<!--more--><\/p>\n<p>Jako \u017ce w Bieszczady nie mo\u017cemy z racji odleg\u0142o\u015bci \u201ewyskoczy\u0107 na weekend\u201d a kochamy g\u00f3rskie w\u0119dr\u00f3wki, wi\u0119kszo\u015b\u0107 czasu festiwalowego sp\u0119dzi\u0142y\u015bmy poza Cisn\u0105. Nie uda\u0142o nam si\u0119 skorzysta\u0107 z punkt\u00f3w programu przygotowanych przez organizator\u00f3w \u201eRozsypa\u0144ca\u201d zwi\u0105zanych z obchodami 70 rocznicy Powstania Warszawskiego oraz z kilku koncert\u00f3w i wystaw. Na szcz\u0119\u015bcie by\u0142 czas na przej\u015bcie si\u0119 po kiermaszu artystycznym, na kt\u00f3rym mo\u017cna by\u0142o kupi\u0107 troch\u0119 jedynych w swoim rodzaju drobiazg\u00f3w i ozd\u00f3bek, owoc\u00f3w pracy artyst\u00f3w.<\/p>\n<p>Nazwa pierwszego punktu programu festiwalu <strong>\u201eZle\u0107cie si\u0119 gitary\u201d<\/strong> \u2013 brzmia\u0142a obiecuj\u0105co. Ognisko przy bac\u00f3wce pod Honem przyci\u0105gn\u0119\u0142o st\u0119sknionych za gitarowaniem. Szybko jednak ludzie wok\u00f3\u0142 ogniska zacz\u0119li si\u0119 odwraca\u0107 ty\u0142em do ognia. Tu\u017c obok, na ma\u0142ej, prowizorycznej scenie stan\u0105\u0142 zesp\u00f3\u0142, kt\u00f3rego repertuar nie mia\u0142 zwi\u0105zku z Bieszczadami, a i klimat piosenek by\u0142 jakby z innej bajki. Na szcz\u0119\u015bcie dotar\u0142y\u015bmy do informacji, \u017ce w jednej z knajp w Cisnej znajdziemy cz\u0142onk\u00f3w zespo\u0142\u00f3w, graj\u0105cych w nast\u0119pnych dniach w oficjalnej cz\u0119\u015bci \u201eRozsypa\u0144ca\u201d. Tak trafi\u0142y\u015bmy do \u201eTrolla\u201d, gdzie znalaz\u0142y\u015bmy si\u0119 w \u015bwiecie student\u00f3w\u2026 z lat 70? W lokalu panowa\u0142 niesamowity klimat i energia \u2013 w kameralnym, radosnym gronie gra\u0142 zesp\u00f3\u0142 \u201eDo g\u00f3ry dnem\u201d. \u00a0D\u0142ugo nie mog\u0142y\u015bmy wyj\u015b\u0107 z lokalu i podziwu dla \u015bpiewaj\u0105cych;)<\/p>\n<p><a href=\"http:\/\/zabieszczaduj.pl\/quiz\/wp-content\/uploads\/2015\/01\/11780469_1117766434919522_475772293_n.jpg\" data-lbwps-width=\"769\" data-lbwps-height=\"768\" data-lbwps-srcsmall=\"https:\/\/zabieszczaduj.pl\/quiz\/wp-content\/uploads\/2015\/01\/11780469_1117766434919522_475772293_n-300x300.jpg\"><img fetchpriority=\"high\" decoding=\"async\" src=\"http:\/\/zabieszczaduj.pl\/quiz\/wp-content\/uploads\/2015\/01\/11780469_1117766434919522_475772293_n.jpg\" alt=\"festiwal Rozsypaniec\" width=\"769\" height=\"768\" class=\"aligncenter size-full wp-image-643\" srcset=\"https:\/\/zabieszczaduj.pl\/quiz\/wp-content\/uploads\/2015\/01\/11780469_1117766434919522_475772293_n.jpg 769w, https:\/\/zabieszczaduj.pl\/quiz\/wp-content\/uploads\/2015\/01\/11780469_1117766434919522_475772293_n-300x300.jpg 300w, https:\/\/zabieszczaduj.pl\/quiz\/wp-content\/uploads\/2015\/01\/11780469_1117766434919522_475772293_n-150x149.jpg 150w, https:\/\/zabieszczaduj.pl\/quiz\/wp-content\/uploads\/2015\/01\/11780469_1117766434919522_475772293_n-768x767.jpg 768w, https:\/\/zabieszczaduj.pl\/quiz\/wp-content\/uploads\/2015\/01\/11780469_1117766434919522_475772293_n-640x640.jpg 640w\" sizes=\"(max-width: 769px) 100vw, 769px\" \/><\/a><\/p>\n<p>Festiwalowe popo\u0142udnia przepe\u0142nione by\u0142y koncertami. Z niecierpliwo\u015bci\u0105 czeka\u0142y\u015bmy na wyst\u0119p zespo\u0142u <strong>\u201eU studni\u201d<\/strong>. \u00a0Mimo deszczowej pogody trzeciego dnia imprezy i p\u00f3\u017anej pory (spore op\u00f3\u017anienie wzgl\u0119dem rozk\u0142adu) arty\u015bci nie zawiedli. Grali do p\u00f3\u017aniej nocy a w wy\u015bpiewaniu refrenu po\u017cegnalnej piosenki \u201eJeszcze grajmy\u201d pomaga\u0142a publiczno\u015b\u0107 (my szczeg\u00f3lnie ch\u0119tnie i g\u0142o\u015bno si\u0119 w tym \u015bpiewaniu wybija\u0142y\u015bmy \ud83d\ude42 Po koncercie mia\u0142y\u015bmy ochot\u0119 na wi\u0119cej wi\u0119c pod\u0105\u017cy\u0142y\u015bmy \u015bladami cz\u0142onk\u00f3w zespo\u0142u w kierunku znanej nam karczmy. Niestety by\u0142a godzina druga w nocy i arty\u015bci po prostu poszli spa\u0107:) Tym wyst\u0119pem zako\u0144czy\u0142o si\u0119 nasze spotkanie z \u201eRozsypa\u0144cem\u201d\u2026<\/p>\n<p style=\"text-align: right;\"><strong>Asia<\/strong><\/p>\n","protected":false},"excerpt":{"rendered":"<p>W takiej chwili, gdy w Bieszczady daleko i nie po drodze, mo\u017cna poczu\u0107 ich klimat ws\u0142uchuj\u0105c si\u0119 w muzyk\u0119 z nimi zwi\u0105zan\u0105.<\/p>\n","protected":false},"author":1,"featured_media":0,"comment_status":"closed","ping_status":"open","sticky":false,"template":"","format":"standard","meta":{"_exactmetrics_skip_tracking":false,"_exactmetrics_sitenote_active":false,"_exactmetrics_sitenote_note":"","_exactmetrics_sitenote_category":0,"footnotes":""},"categories":[1],"tags":[57,38,55,56],"class_list":["post-516","post","type-post","status-publish","format-standard","hentry","category-w-gory","tag-bacowka-pod-honem","tag-cisna","tag-festiwal","tag-rozsypaniec"],"yoast_head":"<!-- This site is optimized with the Yoast SEO plugin v25.0 - https:\/\/yoast.com\/wordpress\/plugins\/seo\/ -->\n<title>Sierpniowy festiwal \u201eRozsypaniec\u201d - Bieszczadzki Quiz<\/title>\n<meta name=\"robots\" content=\"index, follow, max-snippet:-1, max-image-preview:large, max-video-preview:-1\" \/>\n<link rel=\"canonical\" href=\"https:\/\/zabieszczaduj.pl\/quiz\/sierpniowy-festiwal-rozsypaniec\/\" \/>\n<meta property=\"og:locale\" content=\"pl_PL\" \/>\n<meta property=\"og:type\" content=\"article\" \/>\n<meta property=\"og:title\" content=\"Sierpniowy festiwal \u201eRozsypaniec\u201d - Bieszczadzki Quiz\" \/>\n<meta property=\"og:description\" content=\"W takiej chwili, gdy w Bieszczady daleko i nie po drodze, mo\u017cna poczu\u0107 ich klimat ws\u0142uchuj\u0105c si\u0119 w muzyk\u0119 z nimi zwi\u0105zan\u0105.\" \/>\n<meta property=\"og:url\" content=\"https:\/\/zabieszczaduj.pl\/quiz\/sierpniowy-festiwal-rozsypaniec\/\" \/>\n<meta property=\"og:site_name\" content=\"Bieszczadzki Quiz\" \/>\n<meta property=\"article:published_time\" content=\"2015-01-25T15:16:40+00:00\" \/>\n<meta property=\"article:modified_time\" content=\"2023-09-14T10:40:45+00:00\" \/>\n<meta property=\"og:image\" content=\"http:\/\/zabieszczaduj.pl\/quiz\/wp-content\/uploads\/2015\/01\/11780469_1117766434919522_475772293_n.jpg\" \/>\n<meta name=\"author\" content=\"Mateusz Berger\" \/>\n<meta name=\"twitter:label1\" content=\"Napisane przez\" \/>\n\t<meta name=\"twitter:data1\" content=\"Mateusz Berger\" \/>\n\t<meta name=\"twitter:label2\" content=\"Szacowany czas czytania\" \/>\n\t<meta name=\"twitter:data2\" content=\"2 minuty\" \/>\n<script type=\"application\/ld+json\" class=\"yoast-schema-graph\">{\"@context\":\"https:\/\/schema.org\",\"@graph\":[{\"@type\":\"WebPage\",\"@id\":\"https:\/\/zabieszczaduj.pl\/quiz\/sierpniowy-festiwal-rozsypaniec\/\",\"url\":\"https:\/\/zabieszczaduj.pl\/quiz\/sierpniowy-festiwal-rozsypaniec\/\",\"name\":\"Sierpniowy festiwal \u201eRozsypaniec\u201d - Bieszczadzki Quiz\",\"isPartOf\":{\"@id\":\"https:\/\/zabieszczaduj.pl\/quiz\/#website\"},\"primaryImageOfPage\":{\"@id\":\"https:\/\/zabieszczaduj.pl\/quiz\/sierpniowy-festiwal-rozsypaniec\/#primaryimage\"},\"image\":{\"@id\":\"https:\/\/zabieszczaduj.pl\/quiz\/sierpniowy-festiwal-rozsypaniec\/#primaryimage\"},\"thumbnailUrl\":\"http:\/\/zabieszczaduj.pl\/quiz\/wp-content\/uploads\/2015\/01\/11780469_1117766434919522_475772293_n.jpg\",\"datePublished\":\"2015-01-25T15:16:40+00:00\",\"dateModified\":\"2023-09-14T10:40:45+00:00\",\"author\":{\"@id\":\"https:\/\/zabieszczaduj.pl\/quiz\/#\/schema\/person\/23e170c7c79f00447ea282b99af87f98\"},\"breadcrumb\":{\"@id\":\"https:\/\/zabieszczaduj.pl\/quiz\/sierpniowy-festiwal-rozsypaniec\/#breadcrumb\"},\"inLanguage\":\"pl-PL\",\"potentialAction\":[{\"@type\":\"ReadAction\",\"target\":[\"https:\/\/zabieszczaduj.pl\/quiz\/sierpniowy-festiwal-rozsypaniec\/\"]}]},{\"@type\":\"ImageObject\",\"inLanguage\":\"pl-PL\",\"@id\":\"https:\/\/zabieszczaduj.pl\/quiz\/sierpniowy-festiwal-rozsypaniec\/#primaryimage\",\"url\":\"http:\/\/zabieszczaduj.pl\/quiz\/wp-content\/uploads\/2015\/01\/11780469_1117766434919522_475772293_n.jpg\",\"contentUrl\":\"http:\/\/zabieszczaduj.pl\/quiz\/wp-content\/uploads\/2015\/01\/11780469_1117766434919522_475772293_n.jpg\"},{\"@type\":\"BreadcrumbList\",\"@id\":\"https:\/\/zabieszczaduj.pl\/quiz\/sierpniowy-festiwal-rozsypaniec\/#breadcrumb\",\"itemListElement\":[{\"@type\":\"ListItem\",\"position\":1,\"name\":\"Strona g\u0142\u00f3wna\",\"item\":\"https:\/\/zabieszczaduj.pl\/quiz\/\"},{\"@type\":\"ListItem\",\"position\":2,\"name\":\"Sierpniowy festiwal \u201eRozsypaniec\u201d\"}]},{\"@type\":\"WebSite\",\"@id\":\"https:\/\/zabieszczaduj.pl\/quiz\/#website\",\"url\":\"https:\/\/zabieszczaduj.pl\/quiz\/\",\"name\":\"Bieszczadzki Quiz\",\"description\":\"G&oacute;ry i ludzie, w\u0119dr&oacute;wki z plecakiem, pi\u0119kne widoki i schroniskowe bazy zawsze szeroko otwarte dla zdobywaj\u0105cych Bieszczady\",\"potentialAction\":[{\"@type\":\"SearchAction\",\"target\":{\"@type\":\"EntryPoint\",\"urlTemplate\":\"https:\/\/zabieszczaduj.pl\/quiz\/?s={search_term_string}\"},\"query-input\":{\"@type\":\"PropertyValueSpecification\",\"valueRequired\":true,\"valueName\":\"search_term_string\"}}],\"inLanguage\":\"pl-PL\"},{\"@type\":\"Person\",\"@id\":\"https:\/\/zabieszczaduj.pl\/quiz\/#\/schema\/person\/23e170c7c79f00447ea282b99af87f98\",\"name\":\"Mateusz Berger\",\"image\":{\"@type\":\"ImageObject\",\"inLanguage\":\"pl-PL\",\"@id\":\"https:\/\/zabieszczaduj.pl\/quiz\/#\/schema\/person\/image\/\",\"url\":\"https:\/\/secure.gravatar.com\/avatar\/f71a5ca0037a99776fe8abd176ef6e238022f099e7754c60c423b8cb3cabd459?s=96&d=mm&r=g\",\"contentUrl\":\"https:\/\/secure.gravatar.com\/avatar\/f71a5ca0037a99776fe8abd176ef6e238022f099e7754c60c423b8cb3cabd459?s=96&d=mm&r=g\",\"caption\":\"Mateusz Berger\"},\"url\":\"https:\/\/zabieszczaduj.pl\/quiz\/author\/matebe\/\"}]}<\/script>\n<!-- \/ Yoast SEO plugin. -->","yoast_head_json":{"title":"Sierpniowy festiwal \u201eRozsypaniec\u201d - Bieszczadzki Quiz","robots":{"index":"index","follow":"follow","max-snippet":"max-snippet:-1","max-image-preview":"max-image-preview:large","max-video-preview":"max-video-preview:-1"},"canonical":"https:\/\/zabieszczaduj.pl\/quiz\/sierpniowy-festiwal-rozsypaniec\/","og_locale":"pl_PL","og_type":"article","og_title":"Sierpniowy festiwal \u201eRozsypaniec\u201d - Bieszczadzki Quiz","og_description":"W takiej chwili, gdy w Bieszczady daleko i nie po drodze, mo\u017cna poczu\u0107 ich klimat ws\u0142uchuj\u0105c si\u0119 w muzyk\u0119 z nimi zwi\u0105zan\u0105.","og_url":"https:\/\/zabieszczaduj.pl\/quiz\/sierpniowy-festiwal-rozsypaniec\/","og_site_name":"Bieszczadzki Quiz","article_published_time":"2015-01-25T15:16:40+00:00","article_modified_time":"2023-09-14T10:40:45+00:00","og_image":[{"url":"http:\/\/zabieszczaduj.pl\/quiz\/wp-content\/uploads\/2015\/01\/11780469_1117766434919522_475772293_n.jpg","type":"","width":"","height":""}],"author":"Mateusz Berger","twitter_misc":{"Napisane przez":"Mateusz Berger","Szacowany czas czytania":"2 minuty"},"schema":{"@context":"https:\/\/schema.org","@graph":[{"@type":"WebPage","@id":"https:\/\/zabieszczaduj.pl\/quiz\/sierpniowy-festiwal-rozsypaniec\/","url":"https:\/\/zabieszczaduj.pl\/quiz\/sierpniowy-festiwal-rozsypaniec\/","name":"Sierpniowy festiwal \u201eRozsypaniec\u201d - Bieszczadzki Quiz","isPartOf":{"@id":"https:\/\/zabieszczaduj.pl\/quiz\/#website"},"primaryImageOfPage":{"@id":"https:\/\/zabieszczaduj.pl\/quiz\/sierpniowy-festiwal-rozsypaniec\/#primaryimage"},"image":{"@id":"https:\/\/zabieszczaduj.pl\/quiz\/sierpniowy-festiwal-rozsypaniec\/#primaryimage"},"thumbnailUrl":"http:\/\/zabieszczaduj.pl\/quiz\/wp-content\/uploads\/2015\/01\/11780469_1117766434919522_475772293_n.jpg","datePublished":"2015-01-25T15:16:40+00:00","dateModified":"2023-09-14T10:40:45+00:00","author":{"@id":"https:\/\/zabieszczaduj.pl\/quiz\/#\/schema\/person\/23e170c7c79f00447ea282b99af87f98"},"breadcrumb":{"@id":"https:\/\/zabieszczaduj.pl\/quiz\/sierpniowy-festiwal-rozsypaniec\/#breadcrumb"},"inLanguage":"pl-PL","potentialAction":[{"@type":"ReadAction","target":["https:\/\/zabieszczaduj.pl\/quiz\/sierpniowy-festiwal-rozsypaniec\/"]}]},{"@type":"ImageObject","inLanguage":"pl-PL","@id":"https:\/\/zabieszczaduj.pl\/quiz\/sierpniowy-festiwal-rozsypaniec\/#primaryimage","url":"http:\/\/zabieszczaduj.pl\/quiz\/wp-content\/uploads\/2015\/01\/11780469_1117766434919522_475772293_n.jpg","contentUrl":"http:\/\/zabieszczaduj.pl\/quiz\/wp-content\/uploads\/2015\/01\/11780469_1117766434919522_475772293_n.jpg"},{"@type":"BreadcrumbList","@id":"https:\/\/zabieszczaduj.pl\/quiz\/sierpniowy-festiwal-rozsypaniec\/#breadcrumb","itemListElement":[{"@type":"ListItem","position":1,"name":"Strona g\u0142\u00f3wna","item":"https:\/\/zabieszczaduj.pl\/quiz\/"},{"@type":"ListItem","position":2,"name":"Sierpniowy festiwal \u201eRozsypaniec\u201d"}]},{"@type":"WebSite","@id":"https:\/\/zabieszczaduj.pl\/quiz\/#website","url":"https:\/\/zabieszczaduj.pl\/quiz\/","name":"Bieszczadzki Quiz","description":"G&oacute;ry i ludzie, w\u0119dr&oacute;wki z plecakiem, pi\u0119kne widoki i schroniskowe bazy zawsze szeroko otwarte dla zdobywaj\u0105cych Bieszczady","potentialAction":[{"@type":"SearchAction","target":{"@type":"EntryPoint","urlTemplate":"https:\/\/zabieszczaduj.pl\/quiz\/?s={search_term_string}"},"query-input":{"@type":"PropertyValueSpecification","valueRequired":true,"valueName":"search_term_string"}}],"inLanguage":"pl-PL"},{"@type":"Person","@id":"https:\/\/zabieszczaduj.pl\/quiz\/#\/schema\/person\/23e170c7c79f00447ea282b99af87f98","name":"Mateusz Berger","image":{"@type":"ImageObject","inLanguage":"pl-PL","@id":"https:\/\/zabieszczaduj.pl\/quiz\/#\/schema\/person\/image\/","url":"https:\/\/secure.gravatar.com\/avatar\/f71a5ca0037a99776fe8abd176ef6e238022f099e7754c60c423b8cb3cabd459?s=96&d=mm&r=g","contentUrl":"https:\/\/secure.gravatar.com\/avatar\/f71a5ca0037a99776fe8abd176ef6e238022f099e7754c60c423b8cb3cabd459?s=96&d=mm&r=g","caption":"Mateusz Berger"},"url":"https:\/\/zabieszczaduj.pl\/quiz\/author\/matebe\/"}]}},"_links":{"self":[{"href":"https:\/\/zabieszczaduj.pl\/quiz\/wp-json\/wp\/v2\/posts\/516","targetHints":{"allow":["GET"]}}],"collection":[{"href":"https:\/\/zabieszczaduj.pl\/quiz\/wp-json\/wp\/v2\/posts"}],"about":[{"href":"https:\/\/zabieszczaduj.pl\/quiz\/wp-json\/wp\/v2\/types\/post"}],"author":[{"embeddable":true,"href":"https:\/\/zabieszczaduj.pl\/quiz\/wp-json\/wp\/v2\/users\/1"}],"replies":[{"embeddable":true,"href":"https:\/\/zabieszczaduj.pl\/quiz\/wp-json\/wp\/v2\/comments?post=516"}],"version-history":[{"count":6,"href":"https:\/\/zabieszczaduj.pl\/quiz\/wp-json\/wp\/v2\/posts\/516\/revisions"}],"predecessor-version":[{"id":644,"href":"https:\/\/zabieszczaduj.pl\/quiz\/wp-json\/wp\/v2\/posts\/516\/revisions\/644"}],"wp:attachment":[{"href":"https:\/\/zabieszczaduj.pl\/quiz\/wp-json\/wp\/v2\/media?parent=516"}],"wp:term":[{"taxonomy":"category","embeddable":true,"href":"https:\/\/zabieszczaduj.pl\/quiz\/wp-json\/wp\/v2\/categories?post=516"},{"taxonomy":"post_tag","embeddable":true,"href":"https:\/\/zabieszczaduj.pl\/quiz\/wp-json\/wp\/v2\/tags?post=516"}],"curies":[{"name":"wp","href":"https:\/\/api.w.org\/{rel}","templated":true}]}}