{"id":1508,"date":"2018-10-18T16:38:59","date_gmt":"2018-10-18T14:38:59","guid":{"rendered":"http:\/\/zabieszczaduj.pl\/quiz\/?p=1508"},"modified":"2023-09-14T12:40:44","modified_gmt":"2023-09-14T10:40:44","slug":"study-tour-pograniczu-polsko-slowackim","status":"publish","type":"post","link":"https:\/\/zabieszczaduj.pl\/quiz\/study-tour-pograniczu-polsko-slowackim\/","title":{"rendered":"Study tour po pograniczu polsko-s\u0142owackim \u2013 cz\u0119\u015b\u0107 I"},"content":{"rendered":"<div class=\"fcbkbttn_buttons_block\" id=\"fcbkbttn_left\"><div class=\"fcbkbttn_like \"><fb:like href=\"https:\/\/zabieszczaduj.pl\/quiz\/study-tour-pograniczu-polsko-slowackim\/\" action=\"like\" colorscheme=\"light\" layout=\"button_count\"  size=\"small\"><\/fb:like><\/div><\/div><p>Witajcie W\u0119drowcy!<br \/>\nJestem Kasia i jestem typow\u0105 Miastow\u0105, tak\u0105 a\u017c do b\u00f3lu. Niemniej na skutek pewnych zawirowa\u0144, nieoczekiwanych zdarze\u0144, \u017cyczliwych ludzi, z\u0142o\u015bliwo\u015bci wszech\u015bwiata, opiece dobrych duch\u00f3w i zapewne dzia\u0142aniu jeszcze innych si\u0142 mia\u0142am przyjemno\u015b\u0107 reprezentowa\u0107 stron\u0119 Zabieszczaduj.pl w czasie wizyty studyjnej organizowanej przez Stowarzyszenie Euroregion Karpacki Polska w dniach  9-14 wrze\u015bnia 2018 roku. Wizyta ta mia\u0142a na celu zaprezentowanie oferty turystycznej pogranicza polsko-s\u0142owackiego i pokazanie potencja\u0142u jaki skrywa w sobie region Karpat. Oczywi\u015bcie ka\u017cda przyjemno\u015b\u0107 ma swoj\u0105 cen\u0119, a cen\u0105 tej wycieczki by\u0142o napisanie raportu.<br \/>\nNiestety troch\u0119 to trwa\u0142o. Bo jak uj\u0105\u0107 wszystkie pi\u0119kne rzeczy, kt\u00f3re si\u0119 widzia\u0142o, potrawy, kt\u00f3re<br \/>\nsi\u0119 smakowa\u0142o, ludzi, kt\u00f3rych si\u0119 spotka\u0142o i prze\u017cycia, jakie temu wszystkiemu towarzyszy\u0142y w jednym w miar\u0119 kr\u00f3tkim sprawozdaniu? Odpowied\u017a jest jedna \u2013 NIE DA SI\u0118. Dlatego moje \u201ewyst\u0119py go\u015bcinne\u201d na Zabieszczaduj rozszerz\u0105 si\u0119 na kilka artyku\u0142\u00f3w.<\/p>\n<p><a href=\"https:\/\/zabieszczaduj.pl\/quiz\/wp-content\/uploads\/2018\/10\/Nasza-dru\u017cyna-w-komplecie.jpg\" data-lbwps-width=\"960\" data-lbwps-height=\"637\" data-lbwps-srcsmall=\"https:\/\/zabieszczaduj.pl\/quiz\/wp-content\/uploads\/2018\/10\/Nasza-dru\u017cyna-w-komplecie-300x199.jpg\"><img fetchpriority=\"high\" decoding=\"async\" src=\"https:\/\/zabieszczaduj.pl\/quiz\/wp-content\/uploads\/2018\/10\/Nasza-dru\u017cyna-w-komplecie.jpg\" alt=\"Nasza dru\u017cyna w kolmplecie\" width=\"960\" height=\"637\" class=\"alignnone size-full wp-image-1511\" srcset=\"https:\/\/zabieszczaduj.pl\/quiz\/wp-content\/uploads\/2018\/10\/Nasza-dru\u017cyna-w-komplecie.jpg 960w, https:\/\/zabieszczaduj.pl\/quiz\/wp-content\/uploads\/2018\/10\/Nasza-dru\u017cyna-w-komplecie-300x199.jpg 300w, https:\/\/zabieszczaduj.pl\/quiz\/wp-content\/uploads\/2018\/10\/Nasza-dru\u017cyna-w-komplecie-768x510.jpg 768w, https:\/\/zabieszczaduj.pl\/quiz\/wp-content\/uploads\/2018\/10\/Nasza-dru\u017cyna-w-komplecie-150x100.jpg 150w\" sizes=\"(max-width: 960px) 100vw, 960px\" \/><\/a><\/p>\n<p>Zanim si\u0119 rozkr\u0119c\u0119 trzy zdania o mnie, \u017ceby\u015bcie wiedzieli, co ze mnie za zwierz\u0105tko. Jak ju\u017c wspomnia\u0142am jestem Miastow\u0105 i do tego Poznaniank\u0105 (tak, jestem oszcz\u0119dna ?). Rzadko gdzie\u015b wyje\u017cd\u017cam, a z g\u00f3rami mam niewielkie do\u015bwiadczenie, chocia\u017c zawsze mia\u0142y w moim serduszku specjalne miejsce. Po trzecie \u2013 o Bieszczadach mia\u0142am wyobra\u017cenie dok\u0142adnie takie, jak wi\u0119kszo\u015b\u0107 spo\u0142ecze\u0144stwa: du\u017co szlak\u00f3w pieszych po ub\u0142oconych \u015bcie\u017ckach, dzikie knieje, jakie\u015b g\u00f3ry i doliny, \u017cywej duszy przez wiele kilometr\u00f3w, s\u0142owem dzicz, rubie\u017ce na kra\u0144cu \u015bwiata. Nic bardziej mylnego! I o tym b\u0119d\u0119 pisa\u0107. Ale do rzeczy i po kolei\u2026.<\/p>\n<p><strong>Niedziela 09 wrze\u015bnia \u2013 Do szeregu, zbi\u00f3rka!<\/strong><br \/>\nPierwszy dzie\u0144 wycieczki przeznaczony by\u0142 na dojazd do naszego miejsca zakwaterowania w Dworze Kombornia, gdzie mieli\u015bmy okazj\u0119 pozna\u0107 <a href=\"http:\/\/www.karpacki.pl\/marka-carpathia\/\">Mark\u0119 Karpack\u0105 CARPATHIA<\/a> degustuj\u0105c pyszne karpackie wina i potrawy. Niestety pierwsza cz\u0119\u015b\u0107 wieczoru mnie omin\u0119\u0142a (dzi\u0119kuj\u0119 PKP). Jest to moja pierwsza nieod\u017ca\u0142owana strata z tego wyjazdu. Zw\u0142aszcza, \u017ce wszyscy uczestnicy wygl\u0105dali na bardzo zadowolonych, kiedy wreszcie zdyszana i zm\u0119czona po ca\u0142ym dniu dotar\u0142am na kolacj\u0119. I tu na chwil\u0119 si\u0119 zatrzymam, bo Dw\u00f3r Kombornia zas\u0142uguje na kilka chwil uwagi.<\/p>\n<figure id=\"attachment_1512\" aria-describedby=\"caption-attachment-1512\" style=\"width: 768px\" class=\"wp-caption alignnone\"><a href=\"https:\/\/zabieszczaduj.pl\/quiz\/wp-content\/uploads\/2018\/10\/Dw\u00f3r-Kombornia-noc\u0105.jpg\" data-lbwps-width=\"768\" data-lbwps-height=\"480\" data-lbwps-srcsmall=\"https:\/\/zabieszczaduj.pl\/quiz\/wp-content\/uploads\/2018\/10\/Dw\u00f3r-Kombornia-noc\u0105-300x188.jpg\" data-lbwps-caption=\"Dw\u00f3r Kombornia noc\u0105\"><img decoding=\"async\" src=\"https:\/\/zabieszczaduj.pl\/quiz\/wp-content\/uploads\/2018\/10\/Dw\u00f3r-Kombornia-noc\u0105.jpg\" alt=\"Dw\u00f3r Kombornia noc\u0105\" width=\"768\" height=\"480\" class=\"size-full wp-image-1512\" srcset=\"https:\/\/zabieszczaduj.pl\/quiz\/wp-content\/uploads\/2018\/10\/Dw\u00f3r-Kombornia-noc\u0105.jpg 768w, https:\/\/zabieszczaduj.pl\/quiz\/wp-content\/uploads\/2018\/10\/Dw\u00f3r-Kombornia-noc\u0105-300x188.jpg 300w, https:\/\/zabieszczaduj.pl\/quiz\/wp-content\/uploads\/2018\/10\/Dw\u00f3r-Kombornia-noc\u0105-150x94.jpg 150w\" sizes=\"(max-width: 768px) 100vw, 768px\" \/><\/a><figcaption id=\"caption-attachment-1512\" class=\"wp-caption-text\">Dw\u00f3r Kombornia noc\u0105<\/figcaption><\/figure>\n<p>Zesp\u00f3\u0142 Dworski to siedziba ziemia\u0144ska si\u0119gaj\u0105ca swoj\u0105 histori\u0105 XVI w. i jeden z lepiej zachowanych zespo\u0142\u00f3w rezydencjalnych na Podkarpaciu. Na 10 hektarach powierzchni mie\u015bci si\u0119 czterogwiazdkowy Hotel SPA z bogat\u0105 infrastruktur\u0105 Wellness, trzygwiazdkowy Wine Garden Hotel, Salon Win Karpackich, Centrum Konferencyjne i Bankietowe. Jednym s\u0142owem wszystko, czego Miastowa mo\u017ce wymaga\u0107 by wypocz\u0105\u0107, wyprawi\u0107 wesele, czy zorganizowa\u0107 wyjazdowe szkolenie. Ale co tak naprawd\u0119 zachwyca w Dworze Kombornia? Co czuje strudzony w\u0119drowiec po ca\u0142odniowej podr\u00f3\u017cy b\u0119d\u0105c wreszcie u celu? Totalne zm\u0119czenie, ulg\u0119? Ot\u00f3\u017c nie. W tym cudownym miejscu w pierwszej kolejno\u015bci czuje si\u0119 wszechogarniaj\u0105cy spok\u00f3j cia\u0142a i ducha. Wierzcie lub nie, ale to w\u0142a\u015bnie poczu\u0142am wysiadaj\u0105c z samochodu. Jakby ca\u0142y zabiegany \u015bwiat i trudy dnia zosta\u0142 za bram\u0105 wjazdow\u0105 i nie mia\u0142y do mnie dost\u0119pu.  Mimo wysokiego standardu tego miejsca wyczuwalna jest atmosfera niewymuszonego luzu. Z braku czasu jedynie wyobra\u017ca\u0142am sobie, \u017ce mog\u0142a bym sp\u0119dzi\u0107 ca\u0142e przedpo\u0142udnie siedz\u0105c gdzie\u015b w parku pod drzewem i rozkoszuj\u0105c si\u0119 kaw\u0105 spokojnie czyta\u0107 ksi\u0105\u017ck\u0119, za kt\u00f3r\u0105 zabieram si\u0119  od p\u00f3\u0142 roku albo zag\u0142\u0119bia\u0107 si\u0119 w kolejny projekt dziewiarski domagaj\u0105cy si\u0119 uwagi w mojej g\u0142owie.<br \/>\nJednak Dw\u00f3r Kombornia ma do zaoferowania r\u00f3wnie\u017c inne atrakcje. Jedn\u0105 z nich jest Salon Win Karpackich. To wyj\u0105tkowe miejsce urz\u0105dzone w XVIII-wiecznej piwnicy kryje w sobie reprezentatywn\u0105 kolekcj\u0119 win z r\u00f3\u017cnych region\u00f3w Karpat le\u017c\u0105cych na terenie S\u0142owacji, Czech, W\u0119gier, Rumuni i Polski. Uczestnicy wyjazdu mieli mo\u017cliwo\u015b\u0107 degustowania win z sommelierem, kt\u00f3ry udzieli\u0142 im kr\u00f3tkiego kursu i uprzyjemnia\u0142 czas opowie\u015bciami o winie. Szkoda, \u017ce mnie to omin\u0119\u0142o&#8230; \u2639<\/p>\n<figure id=\"attachment_1513\" aria-describedby=\"caption-attachment-1513\" style=\"width: 640px\" class=\"wp-caption alignnone\"><a href=\"https:\/\/zabieszczaduj.pl\/quiz\/wp-content\/uploads\/2018\/10\/Sztuka-w-porze-kolacji-4.jpg\" data-lbwps-width=\"4632\" data-lbwps-height=\"2608\" data-lbwps-srcsmall=\"https:\/\/zabieszczaduj.pl\/quiz\/wp-content\/uploads\/2018\/10\/Sztuka-w-porze-kolacji-4-300x169.jpg\" data-lbwps-caption=\"Sztuka w porze kolacji\"><img decoding=\"async\" src=\"https:\/\/zabieszczaduj.pl\/quiz\/wp-content\/uploads\/2018\/10\/Sztuka-w-porze-kolacji-4-1024x577.jpg\" alt=\"Sztuka w porze kolacji\" width=\"640\" height=\"361\" class=\"size-large wp-image-1513\" srcset=\"https:\/\/zabieszczaduj.pl\/quiz\/wp-content\/uploads\/2018\/10\/Sztuka-w-porze-kolacji-4-1024x577.jpg 1024w, https:\/\/zabieszczaduj.pl\/quiz\/wp-content\/uploads\/2018\/10\/Sztuka-w-porze-kolacji-4-300x169.jpg 300w, https:\/\/zabieszczaduj.pl\/quiz\/wp-content\/uploads\/2018\/10\/Sztuka-w-porze-kolacji-4-768x432.jpg 768w, https:\/\/zabieszczaduj.pl\/quiz\/wp-content\/uploads\/2018\/10\/Sztuka-w-porze-kolacji-4-150x84.jpg 150w\" sizes=\"(max-width: 640px) 100vw, 640px\" \/><\/a><figcaption id=\"caption-attachment-1513\" class=\"wp-caption-text\">Sztuka w porze kolacji<\/figcaption><\/figure>\n<p>Kolejn\u0105 atrakcj\u0105 tego magicznego miejsca jest Restauracja Magnolia, w kt\u00f3rej mieli\u015bmy przyjemno\u015b\u0107 je\u015b\u0107 kolacj\u0119. Nigdy nie by\u0142am fank\u0105 wystawnych da\u0144, ale tym razem po prostu da\u0142am si\u0119 uwie\u015b\u0107. Ka\u017cde kolejne nakrycie by\u0142o prawdziw\u0105 uczt\u0105 nie tylko dla podniebienia, ale tak\u017ce dla oka i duszy. Dania smakowa\u0142y ob\u0142\u0119dnie od pierwszej przystawki a\u017c po deser i wygl\u0105da\u0142y pi\u0119knie jak ma\u0142e dzie\u0142a sztuki.<br \/>\nWisienk\u0105 na torcie okaza\u0142 si\u0119 jednak pok\u00f3j. Urz\u0105dzony luksusowo, ale z zachowaniem klimatu ziemskiej posiad\u0142o\u015bci z XVI w. Czu\u0142am si\u0119 jak ksi\u0119\u017cniczka \u015bpi\u0105c w du\u017cym wygodnym \u0142\u00f3\u017cku z baldachimem. Jak wida\u0107 marzenia si\u0119 jednak spe\u0142niaj\u0105, tylko czasem trzeba na nie poczeka\u0107 25 lat ?.<\/p>\n<figure id=\"attachment_1514\" aria-describedby=\"caption-attachment-1514\" style=\"width: 640px\" class=\"wp-caption alignnone\"><a href=\"https:\/\/zabieszczaduj.pl\/quiz\/wp-content\/uploads\/2018\/10\/Park-wok\u00f3\u0142-Dworu-w-\u015bwietle-dnia-2.jpg\" data-lbwps-width=\"4800\" data-lbwps-height=\"3368\" data-lbwps-srcsmall=\"https:\/\/zabieszczaduj.pl\/quiz\/wp-content\/uploads\/2018\/10\/Park-wok\u00f3\u0142-Dworu-w-\u015bwietle-dnia-2-300x211.jpg\" data-lbwps-caption=\"Park wok\u00f3\u0142 Dworu w \u015bwietle dnia \"><img loading=\"lazy\" decoding=\"async\" src=\"https:\/\/zabieszczaduj.pl\/quiz\/wp-content\/uploads\/2018\/10\/Park-wok\u00f3\u0142-Dworu-w-\u015bwietle-dnia-2-1024x719.jpg\" alt=\"Park wok\u00f3\u0142 Dworu w \u015bwietle dnia \" width=\"640\" height=\"449\" class=\"size-large wp-image-1514\" srcset=\"https:\/\/zabieszczaduj.pl\/quiz\/wp-content\/uploads\/2018\/10\/Park-wok\u00f3\u0142-Dworu-w-\u015bwietle-dnia-2-1024x719.jpg 1024w, https:\/\/zabieszczaduj.pl\/quiz\/wp-content\/uploads\/2018\/10\/Park-wok\u00f3\u0142-Dworu-w-\u015bwietle-dnia-2-300x211.jpg 300w, https:\/\/zabieszczaduj.pl\/quiz\/wp-content\/uploads\/2018\/10\/Park-wok\u00f3\u0142-Dworu-w-\u015bwietle-dnia-2-768x539.jpg 768w, https:\/\/zabieszczaduj.pl\/quiz\/wp-content\/uploads\/2018\/10\/Park-wok\u00f3\u0142-Dworu-w-\u015bwietle-dnia-2-150x105.jpg 150w\" sizes=\"(max-width: 640px) 100vw, 640px\" \/><\/a><figcaption id=\"caption-attachment-1514\" class=\"wp-caption-text\">Park wok\u00f3\u0142 Dworu w \u015bwietle dnia<\/figcaption><\/figure>\n","protected":false},"excerpt":{"rendered":"<p>Witajcie W\u0119drowcy! Jestem Kasia i jestem typow\u0105 Miastow\u0105, tak\u0105 a\u017c do b\u00f3lu. Niemniej na skutek pewnych zawirowa\u0144, nieoczekiwanych zdarze\u0144, \u017cyczliwych ludzi, z\u0142o\u015bliwo\u015bci wszech\u015bwiata, opiece dobrych duch\u00f3w i zapewne dzia\u0142aniu jeszcze innych si\u0142 mia\u0142am przyjemno\u015b\u0107 reprezentowa\u0107 stron\u0119 Zabieszczaduj.pl w czasie wizyty studyjnej organizowanej przez Stowarzyszenie&#8230;<\/p>\n","protected":false},"author":1,"featured_media":0,"comment_status":"closed","ping_status":"open","sticky":false,"template":"","format":"standard","meta":{"_exactmetrics_skip_tracking":false,"_exactmetrics_sitenote_active":false,"_exactmetrics_sitenote_note":"","_exactmetrics_sitenote_category":0,"footnotes":""},"categories":[54],"tags":[],"class_list":["post-1508","post","type-post","status-publish","format-standard","hentry","category-specjalna"],"yoast_head":"<!-- This site is optimized with the Yoast SEO plugin v25.0 - https:\/\/yoast.com\/wordpress\/plugins\/seo\/ -->\n<title>Study tour po pograniczu polsko-s\u0142owackim \u2013 cz\u0119\u015b\u0107 I - Bieszczadzki Quiz<\/title>\n<meta name=\"robots\" content=\"index, follow, max-snippet:-1, max-image-preview:large, max-video-preview:-1\" \/>\n<link rel=\"canonical\" href=\"https:\/\/zabieszczaduj.pl\/quiz\/study-tour-pograniczu-polsko-slowackim\/\" \/>\n<meta property=\"og:locale\" content=\"pl_PL\" \/>\n<meta property=\"og:type\" content=\"article\" \/>\n<meta property=\"og:title\" content=\"Study tour po pograniczu polsko-s\u0142owackim \u2013 cz\u0119\u015b\u0107 I - Bieszczadzki Quiz\" \/>\n<meta property=\"og:description\" content=\"Witajcie W\u0119drowcy! Jestem Kasia i jestem typow\u0105 Miastow\u0105, tak\u0105 a\u017c do b\u00f3lu. Niemniej na skutek pewnych zawirowa\u0144, nieoczekiwanych zdarze\u0144, \u017cyczliwych ludzi, z\u0142o\u015bliwo\u015bci wszech\u015bwiata, opiece dobrych duch\u00f3w i zapewne dzia\u0142aniu jeszcze innych si\u0142 mia\u0142am przyjemno\u015b\u0107 reprezentowa\u0107 stron\u0119 Zabieszczaduj.pl w czasie wizyty studyjnej organizowanej przez Stowarzyszenie...\" \/>\n<meta property=\"og:url\" content=\"https:\/\/zabieszczaduj.pl\/quiz\/study-tour-pograniczu-polsko-slowackim\/\" \/>\n<meta property=\"og:site_name\" content=\"Bieszczadzki Quiz\" \/>\n<meta property=\"article:published_time\" content=\"2018-10-18T14:38:59+00:00\" \/>\n<meta property=\"article:modified_time\" content=\"2023-09-14T10:40:44+00:00\" \/>\n<meta property=\"og:image\" content=\"https:\/\/zabieszczaduj.pl\/quiz\/wp-content\/uploads\/2018\/10\/Sztuka-w-porze-kolacji-4-1024x577.jpg\" \/>\n<meta name=\"author\" content=\"Mateusz Berger\" \/>\n<meta name=\"twitter:label1\" content=\"Napisane przez\" \/>\n\t<meta name=\"twitter:data1\" content=\"Mateusz Berger\" \/>\n\t<meta name=\"twitter:label2\" content=\"Szacowany czas czytania\" \/>\n\t<meta name=\"twitter:data2\" content=\"4 minuty\" \/>\n<script type=\"application\/ld+json\" class=\"yoast-schema-graph\">{\"@context\":\"https:\/\/schema.org\",\"@graph\":[{\"@type\":\"WebPage\",\"@id\":\"https:\/\/zabieszczaduj.pl\/quiz\/study-tour-pograniczu-polsko-slowackim\/\",\"url\":\"https:\/\/zabieszczaduj.pl\/quiz\/study-tour-pograniczu-polsko-slowackim\/\",\"name\":\"Study tour po pograniczu polsko-s\u0142owackim \u2013 cz\u0119\u015b\u0107 I - Bieszczadzki Quiz\",\"isPartOf\":{\"@id\":\"https:\/\/zabieszczaduj.pl\/quiz\/#website\"},\"primaryImageOfPage\":{\"@id\":\"https:\/\/zabieszczaduj.pl\/quiz\/study-tour-pograniczu-polsko-slowackim\/#primaryimage\"},\"image\":{\"@id\":\"https:\/\/zabieszczaduj.pl\/quiz\/study-tour-pograniczu-polsko-slowackim\/#primaryimage\"},\"thumbnailUrl\":\"https:\/\/zabieszczaduj.pl\/quiz\/wp-content\/uploads\/2018\/10\/Sztuka-w-porze-kolacji-4-1024x577.jpg\",\"datePublished\":\"2018-10-18T14:38:59+00:00\",\"dateModified\":\"2023-09-14T10:40:44+00:00\",\"author\":{\"@id\":\"https:\/\/zabieszczaduj.pl\/quiz\/#\/schema\/person\/23e170c7c79f00447ea282b99af87f98\"},\"breadcrumb\":{\"@id\":\"https:\/\/zabieszczaduj.pl\/quiz\/study-tour-pograniczu-polsko-slowackim\/#breadcrumb\"},\"inLanguage\":\"pl-PL\",\"potentialAction\":[{\"@type\":\"ReadAction\",\"target\":[\"https:\/\/zabieszczaduj.pl\/quiz\/study-tour-pograniczu-polsko-slowackim\/\"]}]},{\"@type\":\"ImageObject\",\"inLanguage\":\"pl-PL\",\"@id\":\"https:\/\/zabieszczaduj.pl\/quiz\/study-tour-pograniczu-polsko-slowackim\/#primaryimage\",\"url\":\"https:\/\/zabieszczaduj.pl\/quiz\/wp-content\/uploads\/2018\/10\/Sztuka-w-porze-kolacji-4.jpg\",\"contentUrl\":\"https:\/\/zabieszczaduj.pl\/quiz\/wp-content\/uploads\/2018\/10\/Sztuka-w-porze-kolacji-4.jpg\",\"width\":4632,\"height\":2608,\"caption\":\"Sztuka w porze kolacji\"},{\"@type\":\"BreadcrumbList\",\"@id\":\"https:\/\/zabieszczaduj.pl\/quiz\/study-tour-pograniczu-polsko-slowackim\/#breadcrumb\",\"itemListElement\":[{\"@type\":\"ListItem\",\"position\":1,\"name\":\"Strona g\u0142\u00f3wna\",\"item\":\"https:\/\/zabieszczaduj.pl\/quiz\/\"},{\"@type\":\"ListItem\",\"position\":2,\"name\":\"Study tour po pograniczu polsko-s\u0142owackim \u2013 cz\u0119\u015b\u0107 I\"}]},{\"@type\":\"WebSite\",\"@id\":\"https:\/\/zabieszczaduj.pl\/quiz\/#website\",\"url\":\"https:\/\/zabieszczaduj.pl\/quiz\/\",\"name\":\"Bieszczadzki Quiz\",\"description\":\"G&oacute;ry i ludzie, w\u0119dr&oacute;wki z plecakiem, pi\u0119kne widoki i schroniskowe bazy zawsze szeroko otwarte dla zdobywaj\u0105cych Bieszczady\",\"potentialAction\":[{\"@type\":\"SearchAction\",\"target\":{\"@type\":\"EntryPoint\",\"urlTemplate\":\"https:\/\/zabieszczaduj.pl\/quiz\/?s={search_term_string}\"},\"query-input\":{\"@type\":\"PropertyValueSpecification\",\"valueRequired\":true,\"valueName\":\"search_term_string\"}}],\"inLanguage\":\"pl-PL\"},{\"@type\":\"Person\",\"@id\":\"https:\/\/zabieszczaduj.pl\/quiz\/#\/schema\/person\/23e170c7c79f00447ea282b99af87f98\",\"name\":\"Mateusz Berger\",\"image\":{\"@type\":\"ImageObject\",\"inLanguage\":\"pl-PL\",\"@id\":\"https:\/\/zabieszczaduj.pl\/quiz\/#\/schema\/person\/image\/\",\"url\":\"https:\/\/secure.gravatar.com\/avatar\/f71a5ca0037a99776fe8abd176ef6e238022f099e7754c60c423b8cb3cabd459?s=96&d=mm&r=g\",\"contentUrl\":\"https:\/\/secure.gravatar.com\/avatar\/f71a5ca0037a99776fe8abd176ef6e238022f099e7754c60c423b8cb3cabd459?s=96&d=mm&r=g\",\"caption\":\"Mateusz Berger\"},\"url\":\"https:\/\/zabieszczaduj.pl\/quiz\/author\/matebe\/\"}]}<\/script>\n<!-- \/ Yoast SEO plugin. -->","yoast_head_json":{"title":"Study tour po pograniczu polsko-s\u0142owackim \u2013 cz\u0119\u015b\u0107 I - Bieszczadzki Quiz","robots":{"index":"index","follow":"follow","max-snippet":"max-snippet:-1","max-image-preview":"max-image-preview:large","max-video-preview":"max-video-preview:-1"},"canonical":"https:\/\/zabieszczaduj.pl\/quiz\/study-tour-pograniczu-polsko-slowackim\/","og_locale":"pl_PL","og_type":"article","og_title":"Study tour po pograniczu polsko-s\u0142owackim \u2013 cz\u0119\u015b\u0107 I - Bieszczadzki Quiz","og_description":"Witajcie W\u0119drowcy! Jestem Kasia i jestem typow\u0105 Miastow\u0105, tak\u0105 a\u017c do b\u00f3lu. Niemniej na skutek pewnych zawirowa\u0144, nieoczekiwanych zdarze\u0144, \u017cyczliwych ludzi, z\u0142o\u015bliwo\u015bci wszech\u015bwiata, opiece dobrych duch\u00f3w i zapewne dzia\u0142aniu jeszcze innych si\u0142 mia\u0142am przyjemno\u015b\u0107 reprezentowa\u0107 stron\u0119 Zabieszczaduj.pl w czasie wizyty studyjnej organizowanej przez Stowarzyszenie...","og_url":"https:\/\/zabieszczaduj.pl\/quiz\/study-tour-pograniczu-polsko-slowackim\/","og_site_name":"Bieszczadzki Quiz","article_published_time":"2018-10-18T14:38:59+00:00","article_modified_time":"2023-09-14T10:40:44+00:00","og_image":[{"url":"https:\/\/zabieszczaduj.pl\/quiz\/wp-content\/uploads\/2018\/10\/Sztuka-w-porze-kolacji-4-1024x577.jpg","type":"","width":"","height":""}],"author":"Mateusz Berger","twitter_misc":{"Napisane przez":"Mateusz Berger","Szacowany czas czytania":"4 minuty"},"schema":{"@context":"https:\/\/schema.org","@graph":[{"@type":"WebPage","@id":"https:\/\/zabieszczaduj.pl\/quiz\/study-tour-pograniczu-polsko-slowackim\/","url":"https:\/\/zabieszczaduj.pl\/quiz\/study-tour-pograniczu-polsko-slowackim\/","name":"Study tour po pograniczu polsko-s\u0142owackim \u2013 cz\u0119\u015b\u0107 I - Bieszczadzki Quiz","isPartOf":{"@id":"https:\/\/zabieszczaduj.pl\/quiz\/#website"},"primaryImageOfPage":{"@id":"https:\/\/zabieszczaduj.pl\/quiz\/study-tour-pograniczu-polsko-slowackim\/#primaryimage"},"image":{"@id":"https:\/\/zabieszczaduj.pl\/quiz\/study-tour-pograniczu-polsko-slowackim\/#primaryimage"},"thumbnailUrl":"https:\/\/zabieszczaduj.pl\/quiz\/wp-content\/uploads\/2018\/10\/Sztuka-w-porze-kolacji-4-1024x577.jpg","datePublished":"2018-10-18T14:38:59+00:00","dateModified":"2023-09-14T10:40:44+00:00","author":{"@id":"https:\/\/zabieszczaduj.pl\/quiz\/#\/schema\/person\/23e170c7c79f00447ea282b99af87f98"},"breadcrumb":{"@id":"https:\/\/zabieszczaduj.pl\/quiz\/study-tour-pograniczu-polsko-slowackim\/#breadcrumb"},"inLanguage":"pl-PL","potentialAction":[{"@type":"ReadAction","target":["https:\/\/zabieszczaduj.pl\/quiz\/study-tour-pograniczu-polsko-slowackim\/"]}]},{"@type":"ImageObject","inLanguage":"pl-PL","@id":"https:\/\/zabieszczaduj.pl\/quiz\/study-tour-pograniczu-polsko-slowackim\/#primaryimage","url":"https:\/\/zabieszczaduj.pl\/quiz\/wp-content\/uploads\/2018\/10\/Sztuka-w-porze-kolacji-4.jpg","contentUrl":"https:\/\/zabieszczaduj.pl\/quiz\/wp-content\/uploads\/2018\/10\/Sztuka-w-porze-kolacji-4.jpg","width":4632,"height":2608,"caption":"Sztuka w porze kolacji"},{"@type":"BreadcrumbList","@id":"https:\/\/zabieszczaduj.pl\/quiz\/study-tour-pograniczu-polsko-slowackim\/#breadcrumb","itemListElement":[{"@type":"ListItem","position":1,"name":"Strona g\u0142\u00f3wna","item":"https:\/\/zabieszczaduj.pl\/quiz\/"},{"@type":"ListItem","position":2,"name":"Study tour po pograniczu polsko-s\u0142owackim \u2013 cz\u0119\u015b\u0107 I"}]},{"@type":"WebSite","@id":"https:\/\/zabieszczaduj.pl\/quiz\/#website","url":"https:\/\/zabieszczaduj.pl\/quiz\/","name":"Bieszczadzki Quiz","description":"G&oacute;ry i ludzie, w\u0119dr&oacute;wki z plecakiem, pi\u0119kne widoki i schroniskowe bazy zawsze szeroko otwarte dla zdobywaj\u0105cych Bieszczady","potentialAction":[{"@type":"SearchAction","target":{"@type":"EntryPoint","urlTemplate":"https:\/\/zabieszczaduj.pl\/quiz\/?s={search_term_string}"},"query-input":{"@type":"PropertyValueSpecification","valueRequired":true,"valueName":"search_term_string"}}],"inLanguage":"pl-PL"},{"@type":"Person","@id":"https:\/\/zabieszczaduj.pl\/quiz\/#\/schema\/person\/23e170c7c79f00447ea282b99af87f98","name":"Mateusz Berger","image":{"@type":"ImageObject","inLanguage":"pl-PL","@id":"https:\/\/zabieszczaduj.pl\/quiz\/#\/schema\/person\/image\/","url":"https:\/\/secure.gravatar.com\/avatar\/f71a5ca0037a99776fe8abd176ef6e238022f099e7754c60c423b8cb3cabd459?s=96&d=mm&r=g","contentUrl":"https:\/\/secure.gravatar.com\/avatar\/f71a5ca0037a99776fe8abd176ef6e238022f099e7754c60c423b8cb3cabd459?s=96&d=mm&r=g","caption":"Mateusz Berger"},"url":"https:\/\/zabieszczaduj.pl\/quiz\/author\/matebe\/"}]}},"_links":{"self":[{"href":"https:\/\/zabieszczaduj.pl\/quiz\/wp-json\/wp\/v2\/posts\/1508","targetHints":{"allow":["GET"]}}],"collection":[{"href":"https:\/\/zabieszczaduj.pl\/quiz\/wp-json\/wp\/v2\/posts"}],"about":[{"href":"https:\/\/zabieszczaduj.pl\/quiz\/wp-json\/wp\/v2\/types\/post"}],"author":[{"embeddable":true,"href":"https:\/\/zabieszczaduj.pl\/quiz\/wp-json\/wp\/v2\/users\/1"}],"replies":[{"embeddable":true,"href":"https:\/\/zabieszczaduj.pl\/quiz\/wp-json\/wp\/v2\/comments?post=1508"}],"version-history":[{"count":4,"href":"https:\/\/zabieszczaduj.pl\/quiz\/wp-json\/wp\/v2\/posts\/1508\/revisions"}],"predecessor-version":[{"id":1516,"href":"https:\/\/zabieszczaduj.pl\/quiz\/wp-json\/wp\/v2\/posts\/1508\/revisions\/1516"}],"wp:attachment":[{"href":"https:\/\/zabieszczaduj.pl\/quiz\/wp-json\/wp\/v2\/media?parent=1508"}],"wp:term":[{"taxonomy":"category","embeddable":true,"href":"https:\/\/zabieszczaduj.pl\/quiz\/wp-json\/wp\/v2\/categories?post=1508"},{"taxonomy":"post_tag","embeddable":true,"href":"https:\/\/zabieszczaduj.pl\/quiz\/wp-json\/wp\/v2\/tags?post=1508"}],"curies":[{"name":"wp","href":"https:\/\/api.w.org\/{rel}","templated":true}]}}