{"id":1455,"date":"2019-11-10T09:44:49","date_gmt":"2019-11-10T08:44:49","guid":{"rendered":"http:\/\/zabieszczaduj.pl\/quiz\/?p=1455"},"modified":"2023-09-14T12:40:44","modified_gmt":"2023-09-14T10:40:44","slug":"gory-jesienia","status":"publish","type":"post","link":"https:\/\/zabieszczaduj.pl\/quiz\/gory-jesienia\/","title":{"rendered":"G\u00f3ry jesieni\u0105"},"content":{"rendered":"<div class=\"fcbkbttn_buttons_block\" id=\"fcbkbttn_left\"><div class=\"fcbkbttn_like \"><fb:like href=\"https:\/\/zabieszczaduj.pl\/quiz\/gory-jesienia\/\" action=\"like\" colorscheme=\"light\" layout=\"button_count\"  size=\"small\"><\/fb:like><\/div><\/div><p>W listopadzie przed trzema laty, kiedy wylegli\u015bmy na bieszczadzkie szlaki w liczbie dw\u00f3ch autokar\u00f3w mog\u0142em m\u00f3wi\u0107 o sobie jako co p\u00f3\u0142roczny ich bywalec. Dzi\u015b ta statystyka nieco spad\u0142a, wi\u0119cej jest za to czasu na sentyment do wypraw ju\u017c odbytych, kt\u00f3re w swej warto\u015bci przywiod\u0142y znajomo\u015bci trwaj\u0105ce kolejne lata.<\/p>\n<h3>Pomys\u0142 na trekking<\/h3>\n<p>w wyj\u0105tkowej ferii barw nieod\u0142\u0105cznie kojarzy si\u0119 z Bieszczadami, nie dziwi wi\u0119c fakt, dzi\u0119ki kt\u00f3remu trasa do Chatki Puchatka jest wyr\u00f3\u017cniana w zestawieniach tych <a href=\"https:\/\/www.addnature.pl\/info\/trekking-jesienia\/\" rel=\"dofollow\">najbardziej urokliwych pomys\u0142\u00f3w na w\u0119dr\u00f3wk\u0119<\/a>.<\/p>\n<div id='gallery-1' class='gallery galleryid-1455 gallery-columns-4 gallery-size-thumbnail'><figure class='gallery-item'>\n\t\t\t<div class='gallery-icon landscape'>\n\t\t\t\t<a href='https:\/\/zabieszczaduj.pl\/quiz\/wp-content\/uploads\/2017\/11\/DSC_0052.jpg'><img decoding=\"async\" width=\"150\" height=\"150\" src=\"https:\/\/zabieszczaduj.pl\/quiz\/wp-content\/uploads\/2017\/11\/DSC_0052-150x150.jpg\" class=\"attachment-thumbnail size-thumbnail\" alt=\"\" \/><\/a>\n\t\t\t<\/div><\/figure><figure class='gallery-item'>\n\t\t\t<div class='gallery-icon landscape'>\n\t\t\t\t<a href='https:\/\/zabieszczaduj.pl\/quiz\/wp-content\/uploads\/2017\/11\/DSC_0087.jpg'><img decoding=\"async\" width=\"150\" height=\"150\" src=\"https:\/\/zabieszczaduj.pl\/quiz\/wp-content\/uploads\/2017\/11\/DSC_0087-150x150.jpg\" class=\"attachment-thumbnail size-thumbnail\" alt=\"\" \/><\/a>\n\t\t\t<\/div><\/figure><figure class='gallery-item'>\n\t\t\t<div class='gallery-icon landscape'>\n\t\t\t\t<a href='https:\/\/zabieszczaduj.pl\/quiz\/wp-content\/uploads\/2017\/11\/DSC_0095.jpg'><img decoding=\"async\" width=\"150\" height=\"150\" src=\"https:\/\/zabieszczaduj.pl\/quiz\/wp-content\/uploads\/2017\/11\/DSC_0095-150x150.jpg\" class=\"attachment-thumbnail size-thumbnail\" alt=\"\" \/><\/a>\n\t\t\t<\/div><\/figure><figure class='gallery-item'>\n\t\t\t<div class='gallery-icon portrait'>\n\t\t\t\t<a href='https:\/\/zabieszczaduj.pl\/quiz\/wp-content\/uploads\/2017\/11\/DSC_0112-e1510303452756.jpg'><img loading=\"lazy\" decoding=\"async\" width=\"150\" height=\"150\" src=\"https:\/\/zabieszczaduj.pl\/quiz\/wp-content\/uploads\/2017\/11\/DSC_0112-e1510303452756-150x150.jpg\" class=\"attachment-thumbnail size-thumbnail\" alt=\"\" \/><\/a>\n\t\t\t<\/div><\/figure><figure class='gallery-item'>\n\t\t\t<div class='gallery-icon landscape'>\n\t\t\t\t<a href='https:\/\/zabieszczaduj.pl\/quiz\/wp-content\/uploads\/2017\/11\/DSC_0073.jpg'><img loading=\"lazy\" decoding=\"async\" width=\"150\" height=\"150\" src=\"https:\/\/zabieszczaduj.pl\/quiz\/wp-content\/uploads\/2017\/11\/DSC_0073-150x150.jpg\" class=\"attachment-thumbnail size-thumbnail\" alt=\"\" \/><\/a>\n\t\t\t<\/div><\/figure><figure class='gallery-item'>\n\t\t\t<div class='gallery-icon landscape'>\n\t\t\t\t<a href='https:\/\/zabieszczaduj.pl\/quiz\/wp-content\/uploads\/2017\/11\/DSC_0066.jpg'><img loading=\"lazy\" decoding=\"async\" width=\"150\" height=\"150\" src=\"https:\/\/zabieszczaduj.pl\/quiz\/wp-content\/uploads\/2017\/11\/DSC_0066-150x150.jpg\" class=\"attachment-thumbnail size-thumbnail\" alt=\"\" \/><\/a>\n\t\t\t<\/div><\/figure><figure class='gallery-item'>\n\t\t\t<div class='gallery-icon landscape'>\n\t\t\t\t<a href='https:\/\/zabieszczaduj.pl\/quiz\/wp-content\/uploads\/2017\/11\/DSC_0058.jpg'><img loading=\"lazy\" decoding=\"async\" width=\"150\" height=\"150\" src=\"https:\/\/zabieszczaduj.pl\/quiz\/wp-content\/uploads\/2017\/11\/DSC_0058-150x150.jpg\" class=\"attachment-thumbnail size-thumbnail\" alt=\"\" \/><\/a>\n\t\t\t<\/div><\/figure>\n\t\t<\/div>\n\n<p>Klasyka, czyli Osadzki Wierch prowadzi nast\u0119puj\u0105c\u0105 tras\u0105: <a href=\"https:\/\/komoot.com\/tour\/20638839\" target=\"blank\" rel=\"noopener\">komoot.com\/tour\/20638839<\/a> My za\u015b, w pierwszy dzie\u0144 swojej w\u0119dr\u00f3wki, korzystaj\u0105c z pogody rozszerzamy nieco sw\u00f3j plan &#8211; startuj\u0105c z Ustrzyk G\u00f3rnych i id\u0105c w kierunku Wielkie Rawki przecieramy niebieski szlak przez 3h 30min. w\u0119dr\u00f3wkowej przyjemno\u015bci.<br \/>\nNa szczycie Wielkiej Rawki zmieniamy szlak na \u017c\u00f3\u0142ty, kt\u00f3rym idziemy a\u017c do Ma\u0142ej Rawki, gdzie czeka nas kolejna zmiana koloru szlaku \u2013 na zielony. W tym miejscu, obieraj\u0105c z\u0142y kierunek &#8211; o co nietrudno, bo dwie odnogi id\u0105 w podobnym kierunku &#8211; omin\u0105 nas nale\u015bniki i zostaniemy na noc w lesie, co nie jest najszcz\u0119\u015bliwszym scenariuszem \ud83d\ude42 My z Po\u0142oniny Cary\u0144skiej schodzimy na Przys\u0142up Cary\u0144ski gdzie, za rajdow\u0105 relacj\u0105:<\/p>\n<blockquote><p>Nic nie szkodzi, \u017ce w schronisku<br \/>\nCz\u0142owiek le\u017cy na cz\u0142owieku<br \/>\nIntegracja ponad wszystko<br \/>\nNie ma tutaj przecie\u017c grzechu.<\/p><\/blockquote>\n<p>Sp\u0119dzaj\u0105c wiecz\u00f3r zr\u00f3wnywany czasowo z up\u0142ywaj\u0105cym, kr\u00f3tkim dniem, przy gwarze pe\u0142nym wra\u017ce\u0144 z rasy oraz d\u017awi\u0119kach gitary, wiem, \u017ce kolejnego dnia b\u0119dzie czeka\u0142o mnie przedostanie si\u0119 w Beskid Niski, gdzie z grup\u0105 pretenduj\u0105c\u0105 do tytu\u0142u przewodnika kontynuowa\u0107 mia\u0142em sw\u00f3j kurs.<\/p>\n<div id='gallery-2' class='gallery galleryid-1455 gallery-columns-4 gallery-size-thumbnail'><figure class='gallery-item'>\n\t\t\t<div class='gallery-icon landscape'>\n\t\t\t\t<a href='https:\/\/zabieszczaduj.pl\/quiz\/wp-content\/uploads\/2017\/11\/DSC_0224.jpg'><img loading=\"lazy\" decoding=\"async\" width=\"150\" height=\"150\" src=\"https:\/\/zabieszczaduj.pl\/quiz\/wp-content\/uploads\/2017\/11\/DSC_0224-150x150.jpg\" class=\"attachment-thumbnail size-thumbnail\" alt=\"\" \/><\/a>\n\t\t\t<\/div><\/figure><figure class='gallery-item'>\n\t\t\t<div class='gallery-icon landscape'>\n\t\t\t\t<a href='https:\/\/zabieszczaduj.pl\/quiz\/wp-content\/uploads\/2017\/11\/DSC_0217.jpg'><img loading=\"lazy\" decoding=\"async\" width=\"150\" height=\"150\" src=\"https:\/\/zabieszczaduj.pl\/quiz\/wp-content\/uploads\/2017\/11\/DSC_0217-150x150.jpg\" class=\"attachment-thumbnail size-thumbnail\" alt=\"\" \/><\/a>\n\t\t\t<\/div><\/figure><figure class='gallery-item'>\n\t\t\t<div class='gallery-icon landscape'>\n\t\t\t\t<a href='https:\/\/zabieszczaduj.pl\/quiz\/wp-content\/uploads\/2017\/11\/DSC_0212.jpg'><img loading=\"lazy\" decoding=\"async\" width=\"150\" height=\"150\" src=\"https:\/\/zabieszczaduj.pl\/quiz\/wp-content\/uploads\/2017\/11\/DSC_0212-150x150.jpg\" class=\"attachment-thumbnail size-thumbnail\" alt=\"\" \/><\/a>\n\t\t\t<\/div><\/figure><figure class='gallery-item'>\n\t\t\t<div class='gallery-icon landscape'>\n\t\t\t\t<a href='https:\/\/zabieszczaduj.pl\/quiz\/wp-content\/uploads\/2017\/11\/DSC_0209.jpg'><img loading=\"lazy\" decoding=\"async\" width=\"150\" height=\"150\" src=\"https:\/\/zabieszczaduj.pl\/quiz\/wp-content\/uploads\/2017\/11\/DSC_0209-150x150.jpg\" class=\"attachment-thumbnail size-thumbnail\" alt=\"\" \/><\/a>\n\t\t\t<\/div><\/figure><figure class='gallery-item'>\n\t\t\t<div class='gallery-icon landscape'>\n\t\t\t\t<a href='https:\/\/zabieszczaduj.pl\/quiz\/wp-content\/uploads\/2017\/11\/DSC_0164.jpg'><img loading=\"lazy\" decoding=\"async\" width=\"150\" height=\"150\" src=\"https:\/\/zabieszczaduj.pl\/quiz\/wp-content\/uploads\/2017\/11\/DSC_0164-150x150.jpg\" class=\"attachment-thumbnail size-thumbnail\" alt=\"\" \/><\/a>\n\t\t\t<\/div><\/figure><figure class='gallery-item'>\n\t\t\t<div class='gallery-icon landscape'>\n\t\t\t\t<a href='https:\/\/zabieszczaduj.pl\/quiz\/wp-content\/uploads\/2017\/11\/DSC_0138.jpg'><img loading=\"lazy\" decoding=\"async\" width=\"150\" height=\"150\" src=\"https:\/\/zabieszczaduj.pl\/quiz\/wp-content\/uploads\/2017\/11\/DSC_0138-150x150.jpg\" class=\"attachment-thumbnail size-thumbnail\" alt=\"\" \/><\/a>\n\t\t\t<\/div><\/figure><figure class='gallery-item'>\n\t\t\t<div class='gallery-icon landscape'>\n\t\t\t\t<a href='https:\/\/zabieszczaduj.pl\/quiz\/wp-content\/uploads\/2017\/11\/DSC_0137.jpg'><img loading=\"lazy\" decoding=\"async\" width=\"150\" height=\"150\" src=\"https:\/\/zabieszczaduj.pl\/quiz\/wp-content\/uploads\/2017\/11\/DSC_0137-150x150.jpg\" class=\"attachment-thumbnail size-thumbnail\" alt=\"\" \/><\/a>\n\t\t\t<\/div><\/figure>\n\t\t<\/div>\n\n<p>Aparat zosta\u0142 w r\u0119kach Marysi i Marcina. Patrz\u0105c na wykonane zdj\u0119cia, zastanawia\u0107 si\u0119 mo\u017cna, czy nie byli\u015bmy ju\u017c nieco sp\u00f3\u017anieni na barwy przygotowywane corocznie przez jesie\u0144. My\u015bl\u0119 sobie, \u017ce to, co najcenniejsze, czyli g\u00f3rski spok\u00f3j mo\u017cna by\u0142o nietrudno poczu\u0107 zamarudzaj\u0105c nieco z ty\u0142u, za grup\u0105. Jesieni\u0105 g\u00f3ry pozostaj\u0105 najszczersze, parafrazuj\u0105c <a href=\"https:\/\/www.youtube.com\/watch?v=NCdFnqzZX0I\" target=\"blank\" rel=\"noopener\">kawa\u0142ek Wo\u0142osatek<\/a>.<\/p>\n<div id='gallery-3' class='gallery galleryid-1455 gallery-columns-4 gallery-size-thumbnail'><figure class='gallery-item'>\n\t\t\t<div class='gallery-icon landscape'>\n\t\t\t\t<a href='https:\/\/zabieszczaduj.pl\/quiz\/wp-content\/uploads\/2017\/11\/DSC_0245.jpg'><img loading=\"lazy\" decoding=\"async\" width=\"150\" height=\"150\" src=\"https:\/\/zabieszczaduj.pl\/quiz\/wp-content\/uploads\/2017\/11\/DSC_0245-150x150.jpg\" class=\"attachment-thumbnail size-thumbnail\" alt=\"\" \/><\/a>\n\t\t\t<\/div><\/figure><figure class='gallery-item'>\n\t\t\t<div class='gallery-icon landscape'>\n\t\t\t\t<a href='https:\/\/zabieszczaduj.pl\/quiz\/wp-content\/uploads\/2017\/11\/DSC_0262.jpg'><img loading=\"lazy\" decoding=\"async\" width=\"150\" height=\"150\" src=\"https:\/\/zabieszczaduj.pl\/quiz\/wp-content\/uploads\/2017\/11\/DSC_0262-150x150.jpg\" class=\"attachment-thumbnail size-thumbnail\" alt=\"\" \/><\/a>\n\t\t\t<\/div><\/figure><figure class='gallery-item'>\n\t\t\t<div class='gallery-icon landscape'>\n\t\t\t\t<a href='https:\/\/zabieszczaduj.pl\/quiz\/wp-content\/uploads\/2017\/11\/DSC_0276.jpg'><img loading=\"lazy\" decoding=\"async\" width=\"150\" height=\"150\" src=\"https:\/\/zabieszczaduj.pl\/quiz\/wp-content\/uploads\/2017\/11\/DSC_0276-150x150.jpg\" class=\"attachment-thumbnail size-thumbnail\" alt=\"\" \/><\/a>\n\t\t\t<\/div><\/figure><figure class='gallery-item'>\n\t\t\t<div class='gallery-icon landscape'>\n\t\t\t\t<a href='https:\/\/zabieszczaduj.pl\/quiz\/wp-content\/uploads\/2017\/11\/DSC_0284.jpg'><img loading=\"lazy\" decoding=\"async\" width=\"150\" height=\"150\" src=\"https:\/\/zabieszczaduj.pl\/quiz\/wp-content\/uploads\/2017\/11\/DSC_0284-150x150.jpg\" class=\"attachment-thumbnail size-thumbnail\" alt=\"\" \/><\/a>\n\t\t\t<\/div><\/figure><figure class='gallery-item'>\n\t\t\t<div class='gallery-icon landscape'>\n\t\t\t\t<a href='https:\/\/zabieszczaduj.pl\/quiz\/wp-content\/uploads\/2017\/11\/DSC_0287.jpg'><img loading=\"lazy\" decoding=\"async\" width=\"150\" height=\"150\" src=\"https:\/\/zabieszczaduj.pl\/quiz\/wp-content\/uploads\/2017\/11\/DSC_0287-150x150.jpg\" class=\"attachment-thumbnail size-thumbnail\" alt=\"\" \/><\/a>\n\t\t\t<\/div><\/figure><figure class='gallery-item'>\n\t\t\t<div class='gallery-icon landscape'>\n\t\t\t\t<a href='https:\/\/zabieszczaduj.pl\/quiz\/wp-content\/uploads\/2017\/11\/DSC_0306.jpg'><img loading=\"lazy\" decoding=\"async\" width=\"150\" height=\"150\" src=\"https:\/\/zabieszczaduj.pl\/quiz\/wp-content\/uploads\/2017\/11\/DSC_0306-150x150.jpg\" class=\"attachment-thumbnail size-thumbnail\" alt=\"\" \/><\/a>\n\t\t\t<\/div><\/figure><figure class='gallery-item'>\n\t\t\t<div class='gallery-icon landscape'>\n\t\t\t\t<a href='https:\/\/zabieszczaduj.pl\/quiz\/wp-content\/uploads\/2017\/11\/DSC_0317.jpg'><img loading=\"lazy\" decoding=\"async\" width=\"150\" height=\"150\" src=\"https:\/\/zabieszczaduj.pl\/quiz\/wp-content\/uploads\/2017\/11\/DSC_0317-150x150.jpg\" class=\"attachment-thumbnail size-thumbnail\" alt=\"\" \/><\/a>\n\t\t\t<\/div><\/figure><figure class='gallery-item'>\n\t\t\t<div class='gallery-icon landscape'>\n\t\t\t\t<a href='https:\/\/zabieszczaduj.pl\/quiz\/wp-content\/uploads\/2017\/11\/DSC_0320.jpg'><img loading=\"lazy\" decoding=\"async\" width=\"150\" height=\"150\" src=\"https:\/\/zabieszczaduj.pl\/quiz\/wp-content\/uploads\/2017\/11\/DSC_0320-150x150.jpg\" class=\"attachment-thumbnail size-thumbnail\" alt=\"\" \/><\/a>\n\t\t\t<\/div><\/figure>\n\t\t<\/div>\n\n<p>Na te coraz ch\u0142odniejsze, listopadowe dni, polecam zapoznanie si\u0119 z ofert\u0105 <a href=\"https:\/\/www.addnature.pl\/odziez\/kurtki-i-bezrekawniki\/kurtki-puchowe-i-syntetyczne\/kurtki-puchowe.html\" rel=\"dofollow\">addnature<\/a>, sklepu outdoorowego proponuj\u0105cego kurtki puchowe oraz syntetyczne.<\/p>\n<p>Po wi\u0119cej propozycji szlak\u00f3w, z kt\u00f3rymi w\u0119drowa\u0107 mo\u017cemy ju\u017c offline, przedzieraj\u0105c si\u0119 przez bieszczadzk\u0105 dziko\u015b\u0107, odsy\u0142am do aplikacji <a href=\"https:\/\/komoot.com\" rel=\"dofollow\">komoot<\/a>. Mo\u017cemy je, wzgl\u0119dem swoich upodoba\u0144, dowolnie modyfikowa\u0107. We wprawnych r\u0119kach czu\u0107 dobrze, \u017ce jest to platforma stworzona przez pasjonat\u00f3w g\u00f3rskich wycieczek, dla pasjonat\u00f3w g\u00f3rskich wycieczek. Do zobaczenia na g\u00f3rskim szlaku!<\/p>\n<div align=\"right\">Foto: M&amp;M Mocek<\/div>\n<p>&nbsp;<\/p>\n","protected":false},"excerpt":{"rendered":"<p>W listopadzie przed trzema laty, kiedy wylegli\u015bmy na bieszczadzkie szlaki w liczbie dw\u00f3ch autokar\u00f3w mog\u0142em m\u00f3wi\u0107 o sobie jako co p\u00f3\u0142roczny ich bywalec. Dzi\u015b ta statystyka nieco spad\u0142a, wi\u0119cej jest za to czasu na sentyment do wypraw ju\u017c odbytych, kt\u00f3re w swej warto\u015bci przywiod\u0142y&#8230;<\/p>\n","protected":false},"author":1,"featured_media":1473,"comment_status":"closed","ping_status":"open","sticky":false,"template":"","format":"standard","meta":{"_exactmetrics_skip_tracking":false,"_exactmetrics_sitenote_active":false,"_exactmetrics_sitenote_note":"","_exactmetrics_sitenote_category":0,"footnotes":""},"categories":[72],"tags":[],"class_list":["post-1455","post","type-post","status-publish","format-standard","has-post-thumbnail","hentry","category-moje-wedrowanie"],"yoast_head":"<!-- This site is optimized with the Yoast SEO plugin v25.0 - https:\/\/yoast.com\/wordpress\/plugins\/seo\/ -->\n<title>G\u00f3ry jesieni\u0105<\/title>\n<meta name=\"description\" content=\"Na w\u0119dr\u00f3wkowej trasie surowo i jesiennie. Wspinaj\u0105c si\u0119 na Osadzki Wierch z aplikacj\u0105 Komoot poznajemy jeden z najlepszych pomys\u0142\u00f3w na trekking w g\u00f3rach\" \/>\n<meta name=\"robots\" content=\"index, follow, max-snippet:-1, max-image-preview:large, max-video-preview:-1\" \/>\n<link rel=\"canonical\" href=\"https:\/\/zabieszczaduj.pl\/quiz\/gory-jesienia\/\" \/>\n<meta property=\"og:locale\" content=\"pl_PL\" \/>\n<meta property=\"og:type\" content=\"article\" \/>\n<meta property=\"og:title\" content=\"G\u00f3ry jesieni\u0105\" \/>\n<meta property=\"og:description\" content=\"Na w\u0119dr\u00f3wkowej trasie surowo i jesiennie. Wspinaj\u0105c si\u0119 na Osadzki Wierch z aplikacj\u0105 Komoot poznajemy jeden z najlepszych pomys\u0142\u00f3w na trekking w g\u00f3rach\" \/>\n<meta property=\"og:url\" content=\"https:\/\/zabieszczaduj.pl\/quiz\/gory-jesienia\/\" \/>\n<meta property=\"og:site_name\" content=\"Bieszczadzki Quiz\" \/>\n<meta property=\"article:published_time\" content=\"2019-11-10T08:44:49+00:00\" \/>\n<meta property=\"article:modified_time\" content=\"2023-09-14T10:40:44+00:00\" \/>\n<meta property=\"og:image\" content=\"https:\/\/zabieszczaduj.pl\/quiz\/wp-content\/uploads\/2017\/11\/DSC_0245.jpg\" \/>\n\t<meta property=\"og:image:width\" content=\"4608\" \/>\n\t<meta property=\"og:image:height\" content=\"3072\" \/>\n\t<meta property=\"og:image:type\" content=\"image\/jpeg\" \/>\n<meta name=\"author\" content=\"Mateusz Berger\" \/>\n<meta name=\"twitter:label1\" content=\"Napisane przez\" \/>\n\t<meta name=\"twitter:data1\" content=\"Mateusz Berger\" \/>\n\t<meta name=\"twitter:label2\" content=\"Szacowany czas czytania\" \/>\n\t<meta name=\"twitter:data2\" content=\"2 minuty\" \/>\n<script type=\"application\/ld+json\" class=\"yoast-schema-graph\">{\"@context\":\"https:\/\/schema.org\",\"@graph\":[{\"@type\":\"WebPage\",\"@id\":\"https:\/\/zabieszczaduj.pl\/quiz\/gory-jesienia\/\",\"url\":\"https:\/\/zabieszczaduj.pl\/quiz\/gory-jesienia\/\",\"name\":\"G\u00f3ry jesieni\u0105\",\"isPartOf\":{\"@id\":\"https:\/\/zabieszczaduj.pl\/quiz\/#website\"},\"primaryImageOfPage\":{\"@id\":\"https:\/\/zabieszczaduj.pl\/quiz\/gory-jesienia\/#primaryimage\"},\"image\":{\"@id\":\"https:\/\/zabieszczaduj.pl\/quiz\/gory-jesienia\/#primaryimage\"},\"thumbnailUrl\":\"https:\/\/zabieszczaduj.pl\/quiz\/wp-content\/uploads\/2017\/11\/DSC_0245.jpg\",\"datePublished\":\"2019-11-10T08:44:49+00:00\",\"dateModified\":\"2023-09-14T10:40:44+00:00\",\"author\":{\"@id\":\"https:\/\/zabieszczaduj.pl\/quiz\/#\/schema\/person\/23e170c7c79f00447ea282b99af87f98\"},\"description\":\"Na w\u0119dr\u00f3wkowej trasie surowo i jesiennie. Wspinaj\u0105c si\u0119 na Osadzki Wierch z aplikacj\u0105 Komoot poznajemy jeden z najlepszych pomys\u0142\u00f3w na trekking w g\u00f3rach\",\"breadcrumb\":{\"@id\":\"https:\/\/zabieszczaduj.pl\/quiz\/gory-jesienia\/#breadcrumb\"},\"inLanguage\":\"pl-PL\",\"potentialAction\":[{\"@type\":\"ReadAction\",\"target\":[\"https:\/\/zabieszczaduj.pl\/quiz\/gory-jesienia\/\"]}]},{\"@type\":\"ImageObject\",\"inLanguage\":\"pl-PL\",\"@id\":\"https:\/\/zabieszczaduj.pl\/quiz\/gory-jesienia\/#primaryimage\",\"url\":\"https:\/\/zabieszczaduj.pl\/quiz\/wp-content\/uploads\/2017\/11\/DSC_0245.jpg\",\"contentUrl\":\"https:\/\/zabieszczaduj.pl\/quiz\/wp-content\/uploads\/2017\/11\/DSC_0245.jpg\",\"width\":4608,\"height\":3072},{\"@type\":\"BreadcrumbList\",\"@id\":\"https:\/\/zabieszczaduj.pl\/quiz\/gory-jesienia\/#breadcrumb\",\"itemListElement\":[{\"@type\":\"ListItem\",\"position\":1,\"name\":\"Strona g\u0142\u00f3wna\",\"item\":\"https:\/\/zabieszczaduj.pl\/quiz\/\"},{\"@type\":\"ListItem\",\"position\":2,\"name\":\"G\u00f3ry jesieni\u0105\"}]},{\"@type\":\"WebSite\",\"@id\":\"https:\/\/zabieszczaduj.pl\/quiz\/#website\",\"url\":\"https:\/\/zabieszczaduj.pl\/quiz\/\",\"name\":\"Bieszczadzki Quiz\",\"description\":\"G&oacute;ry i ludzie, w\u0119dr&oacute;wki z plecakiem, pi\u0119kne widoki i schroniskowe bazy zawsze szeroko otwarte dla zdobywaj\u0105cych Bieszczady\",\"potentialAction\":[{\"@type\":\"SearchAction\",\"target\":{\"@type\":\"EntryPoint\",\"urlTemplate\":\"https:\/\/zabieszczaduj.pl\/quiz\/?s={search_term_string}\"},\"query-input\":{\"@type\":\"PropertyValueSpecification\",\"valueRequired\":true,\"valueName\":\"search_term_string\"}}],\"inLanguage\":\"pl-PL\"},{\"@type\":\"Person\",\"@id\":\"https:\/\/zabieszczaduj.pl\/quiz\/#\/schema\/person\/23e170c7c79f00447ea282b99af87f98\",\"name\":\"Mateusz Berger\",\"image\":{\"@type\":\"ImageObject\",\"inLanguage\":\"pl-PL\",\"@id\":\"https:\/\/zabieszczaduj.pl\/quiz\/#\/schema\/person\/image\/\",\"url\":\"https:\/\/secure.gravatar.com\/avatar\/f71a5ca0037a99776fe8abd176ef6e238022f099e7754c60c423b8cb3cabd459?s=96&d=mm&r=g\",\"contentUrl\":\"https:\/\/secure.gravatar.com\/avatar\/f71a5ca0037a99776fe8abd176ef6e238022f099e7754c60c423b8cb3cabd459?s=96&d=mm&r=g\",\"caption\":\"Mateusz Berger\"},\"url\":\"https:\/\/zabieszczaduj.pl\/quiz\/author\/matebe\/\"}]}<\/script>\n<!-- \/ Yoast SEO plugin. -->","yoast_head_json":{"title":"G\u00f3ry jesieni\u0105","description":"Na w\u0119dr\u00f3wkowej trasie surowo i jesiennie. Wspinaj\u0105c si\u0119 na Osadzki Wierch z aplikacj\u0105 Komoot poznajemy jeden z najlepszych pomys\u0142\u00f3w na trekking w g\u00f3rach","robots":{"index":"index","follow":"follow","max-snippet":"max-snippet:-1","max-image-preview":"max-image-preview:large","max-video-preview":"max-video-preview:-1"},"canonical":"https:\/\/zabieszczaduj.pl\/quiz\/gory-jesienia\/","og_locale":"pl_PL","og_type":"article","og_title":"G\u00f3ry jesieni\u0105","og_description":"Na w\u0119dr\u00f3wkowej trasie surowo i jesiennie. Wspinaj\u0105c si\u0119 na Osadzki Wierch z aplikacj\u0105 Komoot poznajemy jeden z najlepszych pomys\u0142\u00f3w na trekking w g\u00f3rach","og_url":"https:\/\/zabieszczaduj.pl\/quiz\/gory-jesienia\/","og_site_name":"Bieszczadzki Quiz","article_published_time":"2019-11-10T08:44:49+00:00","article_modified_time":"2023-09-14T10:40:44+00:00","og_image":[{"width":4608,"height":3072,"url":"https:\/\/zabieszczaduj.pl\/quiz\/wp-content\/uploads\/2017\/11\/DSC_0245.jpg","type":"image\/jpeg"}],"author":"Mateusz Berger","twitter_misc":{"Napisane przez":"Mateusz Berger","Szacowany czas czytania":"2 minuty"},"schema":{"@context":"https:\/\/schema.org","@graph":[{"@type":"WebPage","@id":"https:\/\/zabieszczaduj.pl\/quiz\/gory-jesienia\/","url":"https:\/\/zabieszczaduj.pl\/quiz\/gory-jesienia\/","name":"G\u00f3ry jesieni\u0105","isPartOf":{"@id":"https:\/\/zabieszczaduj.pl\/quiz\/#website"},"primaryImageOfPage":{"@id":"https:\/\/zabieszczaduj.pl\/quiz\/gory-jesienia\/#primaryimage"},"image":{"@id":"https:\/\/zabieszczaduj.pl\/quiz\/gory-jesienia\/#primaryimage"},"thumbnailUrl":"https:\/\/zabieszczaduj.pl\/quiz\/wp-content\/uploads\/2017\/11\/DSC_0245.jpg","datePublished":"2019-11-10T08:44:49+00:00","dateModified":"2023-09-14T10:40:44+00:00","author":{"@id":"https:\/\/zabieszczaduj.pl\/quiz\/#\/schema\/person\/23e170c7c79f00447ea282b99af87f98"},"description":"Na w\u0119dr\u00f3wkowej trasie surowo i jesiennie. Wspinaj\u0105c si\u0119 na Osadzki Wierch z aplikacj\u0105 Komoot poznajemy jeden z najlepszych pomys\u0142\u00f3w na trekking w g\u00f3rach","breadcrumb":{"@id":"https:\/\/zabieszczaduj.pl\/quiz\/gory-jesienia\/#breadcrumb"},"inLanguage":"pl-PL","potentialAction":[{"@type":"ReadAction","target":["https:\/\/zabieszczaduj.pl\/quiz\/gory-jesienia\/"]}]},{"@type":"ImageObject","inLanguage":"pl-PL","@id":"https:\/\/zabieszczaduj.pl\/quiz\/gory-jesienia\/#primaryimage","url":"https:\/\/zabieszczaduj.pl\/quiz\/wp-content\/uploads\/2017\/11\/DSC_0245.jpg","contentUrl":"https:\/\/zabieszczaduj.pl\/quiz\/wp-content\/uploads\/2017\/11\/DSC_0245.jpg","width":4608,"height":3072},{"@type":"BreadcrumbList","@id":"https:\/\/zabieszczaduj.pl\/quiz\/gory-jesienia\/#breadcrumb","itemListElement":[{"@type":"ListItem","position":1,"name":"Strona g\u0142\u00f3wna","item":"https:\/\/zabieszczaduj.pl\/quiz\/"},{"@type":"ListItem","position":2,"name":"G\u00f3ry jesieni\u0105"}]},{"@type":"WebSite","@id":"https:\/\/zabieszczaduj.pl\/quiz\/#website","url":"https:\/\/zabieszczaduj.pl\/quiz\/","name":"Bieszczadzki Quiz","description":"G&oacute;ry i ludzie, w\u0119dr&oacute;wki z plecakiem, pi\u0119kne widoki i schroniskowe bazy zawsze szeroko otwarte dla zdobywaj\u0105cych Bieszczady","potentialAction":[{"@type":"SearchAction","target":{"@type":"EntryPoint","urlTemplate":"https:\/\/zabieszczaduj.pl\/quiz\/?s={search_term_string}"},"query-input":{"@type":"PropertyValueSpecification","valueRequired":true,"valueName":"search_term_string"}}],"inLanguage":"pl-PL"},{"@type":"Person","@id":"https:\/\/zabieszczaduj.pl\/quiz\/#\/schema\/person\/23e170c7c79f00447ea282b99af87f98","name":"Mateusz Berger","image":{"@type":"ImageObject","inLanguage":"pl-PL","@id":"https:\/\/zabieszczaduj.pl\/quiz\/#\/schema\/person\/image\/","url":"https:\/\/secure.gravatar.com\/avatar\/f71a5ca0037a99776fe8abd176ef6e238022f099e7754c60c423b8cb3cabd459?s=96&d=mm&r=g","contentUrl":"https:\/\/secure.gravatar.com\/avatar\/f71a5ca0037a99776fe8abd176ef6e238022f099e7754c60c423b8cb3cabd459?s=96&d=mm&r=g","caption":"Mateusz Berger"},"url":"https:\/\/zabieszczaduj.pl\/quiz\/author\/matebe\/"}]}},"_links":{"self":[{"href":"https:\/\/zabieszczaduj.pl\/quiz\/wp-json\/wp\/v2\/posts\/1455","targetHints":{"allow":["GET"]}}],"collection":[{"href":"https:\/\/zabieszczaduj.pl\/quiz\/wp-json\/wp\/v2\/posts"}],"about":[{"href":"https:\/\/zabieszczaduj.pl\/quiz\/wp-json\/wp\/v2\/types\/post"}],"author":[{"embeddable":true,"href":"https:\/\/zabieszczaduj.pl\/quiz\/wp-json\/wp\/v2\/users\/1"}],"replies":[{"embeddable":true,"href":"https:\/\/zabieszczaduj.pl\/quiz\/wp-json\/wp\/v2\/comments?post=1455"}],"version-history":[{"count":9,"href":"https:\/\/zabieszczaduj.pl\/quiz\/wp-json\/wp\/v2\/posts\/1455\/revisions"}],"predecessor-version":[{"id":1556,"href":"https:\/\/zabieszczaduj.pl\/quiz\/wp-json\/wp\/v2\/posts\/1455\/revisions\/1556"}],"wp:featuredmedia":[{"embeddable":true,"href":"https:\/\/zabieszczaduj.pl\/quiz\/wp-json\/wp\/v2\/media\/1473"}],"wp:attachment":[{"href":"https:\/\/zabieszczaduj.pl\/quiz\/wp-json\/wp\/v2\/media?parent=1455"}],"wp:term":[{"taxonomy":"category","embeddable":true,"href":"https:\/\/zabieszczaduj.pl\/quiz\/wp-json\/wp\/v2\/categories?post=1455"},{"taxonomy":"post_tag","embeddable":true,"href":"https:\/\/zabieszczaduj.pl\/quiz\/wp-json\/wp\/v2\/tags?post=1455"}],"curies":[{"name":"wp","href":"https:\/\/api.w.org\/{rel}","templated":true}]}}